{"id":63906,"date":"2025-12-13T19:35:50","date_gmt":"2025-12-13T19:35:50","guid":{"rendered":"https:\/\/www.europesays.com\/ee\/63906\/"},"modified":"2025-12-13T19:35:50","modified_gmt":"2025-12-13T19:35:50","slug":"tahtsin-vaga-agressiivselt-rundama-minna","status":"publish","type":"post","link":"https:\/\/www.europesays.com\/ee\/63906\/","title":{"rendered":"tahtsin v\u00e4ga agressiivselt r\u00fcndama minna"},"content":{"rendered":"<p>63 sportlase seas 30. rajale saanud eestlane maandus esialgu 28. reale. Ehk s\u00e4ilis teoreetiline v\u00f5imalus p\u00e4\u00e4seda teiselegi laskumisele ehk 30 tugevam sekka. Paraku libises see kiiresti k\u00e4est.<\/p>\n<p>Laine sai l\u00f5puks kirja 41. koha, kaotust parimale, Stefan Brennsteinerile 2,62 sekundit. 30., Eirik Hystad Solbergist j\u00e4i lahutama 45 sajandikku. Tulemuse sai kirja 57 sportlast.<\/p>\n<p>Kui 25-aastane Laine alustas hooaega suurslaalomite 23. ja 28. kohtadega, siis viimasel kahel MK-etapil pole ta punktidele suusatanud.<\/p>\n<p>Sportlase s\u00f5nul l\u00e4ksid v\u00f5istlusele eelnenud treeningp\u00e4evad h\u00e4sti ning t\u00e4naseks v\u00f5istluseks oli tal selge m\u00e4nguplaan olemas. \u00abKuna kahel viimasel v\u00f5istlusel ei riskinud ma piisavalt, tahtsin t\u00e4na v\u00e4ga agressiivselt r\u00fcndama minna. Tagantj\u00e4rele vaadates tundub, et tehnika lagunes sellega koost. \u00dcleval tegin \u00fche vea, mis maksis kolm-neli k\u00fcmnendikku. \u00dclej\u00e4\u00e4nud rajal s\u00f5itsin veidi liiga otse ja mitte piisavalt puhtalt. \u00dcritasin lihtsalt vajutama minna, aga see ei toiminud,\u00bb anal\u00fc\u00fcsis ta pressiteates.<\/p>\n<p>V\u00f5istlustingimused olid head, kuid mitte teda soosivad: \u00abKuna ilm on olnud ilus ja \u00f5hk kuiv, ei olnud siinsed olud kuigi j\u00e4ised. Minul on aga agressiivse lume peal hetkel raskusi. Oleksin eelistanud v\u00f5imalikult rasket ja j\u00e4ist rada. Kuna v\u00f5istlusolud olid head, oli ka tagantpoolt tulijatel hea v\u00f5imalus korralikke tulemusi kirja saada.\u00bb<\/p>\n<p>Homme v\u00f5istleb Laine samas v\u00f5istluspaigas slaalomis. \u00abKuna k\u00e4si pole veel USA treeningul saadud vigastusest taastunud, saab homne slaalomis\u00f5it olema t\u00f5siselt valus.\u00bb<\/p>\n<p>Homse v\u00f5istluse avalaskumisega alustatakse kell 10.30.<\/p>\n","protected":false},"excerpt":{"rendered":"63 sportlase seas 30. rajale saanud eestlane maandus esialgu 28. reale. Ehk s\u00e4ilis teoreetiline v\u00f5imalus p\u00e4\u00e4seda teiselegi laskumisele&hellip;\n","protected":false},"author":2,"featured_media":63604,"comment_status":"","ping_status":"","sticky":false,"template":"","format":"standard","meta":{"footnotes":""},"categories":[5],"tags":[26,27,37,33,35,32185,34,36,31,32,21,24221,28,29,8201,19,25,32184,32183,23,24,22,20,30],"class_list":{"0":"post-63906","1":"post","2":"type-post","3":"status-publish","4":"format-standard","5":"has-post-thumbnail","7":"category-uldised-uudised","8":"tag-breaking-news","9":"tag-breakingnews","10":"tag-ee","11":"tag-eesti","12":"tag-eesti-keel","13":"tag-eirik-hystad-solberg","14":"tag-estonia","15":"tag-estonian","16":"tag-featured-news","17":"tag-featurednews","18":"tag-headlines","19":"tag-laine","20":"tag-latest-news","21":"tag-latestnews","22":"tag-mk-etapp","23":"tag-news","24":"tag-populaarseimad-lood","25":"tag-stefan-brennsteiner","26":"tag-suurslaalom","27":"tag-top-stories","28":"tag-topstories","29":"tag-uldised-uudised","30":"tag-uudised","31":"tag-viimased-uudised"},"share_on_mastodon":{"url":"https:\/\/pubeurope.com\/@ee\/115713945385073243","error":""},"_links":{"self":[{"href":"https:\/\/www.europesays.com\/ee\/wp-json\/wp\/v2\/posts\/63906","targetHints":{"allow":["GET"]}}],"collection":[{"href":"https:\/\/www.europesays.com\/ee\/wp-json\/wp\/v2\/posts"}],"about":[{"href":"https:\/\/www.europesays.com\/ee\/wp-json\/wp\/v2\/types\/post"}],"author":[{"embeddable":true,"href":"https:\/\/www.europesays.com\/ee\/wp-json\/wp\/v2\/users\/2"}],"replies":[{"embeddable":true,"href":"https:\/\/www.europesays.com\/ee\/wp-json\/wp\/v2\/comments?post=63906"}],"version-history":[{"count":0,"href":"https:\/\/www.europesays.com\/ee\/wp-json\/wp\/v2\/posts\/63906\/revisions"}],"wp:featuredmedia":[{"embeddable":true,"href":"https:\/\/www.europesays.com\/ee\/wp-json\/wp\/v2\/media\/63604"}],"wp:attachment":[{"href":"https:\/\/www.europesays.com\/ee\/wp-json\/wp\/v2\/media?parent=63906"}],"wp:term":[{"taxonomy":"category","embeddable":true,"href":"https:\/\/www.europesays.com\/ee\/wp-json\/wp\/v2\/categories?post=63906"},{"taxonomy":"post_tag","embeddable":true,"href":"https:\/\/www.europesays.com\/ee\/wp-json\/wp\/v2\/tags?post=63906"}],"curies":[{"name":"wp","href":"https:\/\/api.w.org\/{rel}","templated":true}]}}