{"id":63914,"date":"2025-12-13T19:49:26","date_gmt":"2025-12-13T19:49:26","guid":{"rendered":"https:\/\/www.europesays.com\/ee\/63914\/"},"modified":"2025-12-13T19:49:26","modified_gmt":"2025-12-13T19:49:26","slug":"otse-hispaaniast-%e2%9f%a9-mandariinide-jarele-tuldi-lisaks-autodele-ka-aiakarude-ja-kaimisraamidega","status":"publish","type":"post","link":"https:\/\/www.europesays.com\/ee\/63914\/","title":{"rendered":"OTSE HISPAANIAST \u27e9 Mandariinide j\u00e4rele tuldi lisaks autodele ka aiak\u00e4rude ja k\u00e4imisraamidega"},"content":{"rendered":"<p>BerryMarket\u2019i looja, sellest aastast ka Paides ja T\u00fcril automaatidega marjam\u00fc\u00fcgi\u00e4ri ajav Viljandimaalt p\u00e4rit ettev\u00f5tja Siim K\u00fctt andis sel n\u00e4dalal teada, et pakub soovijatele otse Hispaaniast toodud mandariine.<\/p>\n<p>Paide ja T\u00fcri parklates jagati tellijatele 10 kg kaaluvate kastidega mandariine t\u00e4na p\u00e4rastl\u00f5unal.<\/p>\n<p>T\u00fcril, Jaama t\u00e4nava parklas oli laup\u00e4eval kella 13 paiku \u00e4rev.<\/p>\n","protected":false},"excerpt":{"rendered":"BerryMarket\u2019i looja, sellest aastast ka Paides ja T\u00fcril automaatidega marjam\u00fc\u00fcgi\u00e4ri ajav Viljandimaalt p\u00e4rit ettev\u00f5tja Siim K\u00fctt andis sel&hellip;\n","protected":false},"author":2,"featured_media":63915,"comment_status":"","ping_status":"","sticky":false,"template":"","format":"standard","meta":{"footnotes":""},"categories":[5],"tags":[26,27,37,33,35,34,36,31,32,32362,21,28,29,25428,27247,19,25,23,24,22,20,30],"class_list":{"0":"post-63914","1":"post","2":"type-post","3":"status-publish","4":"format-standard","5":"has-post-thumbnail","7":"category-uldised-uudised","8":"tag-breaking-news","9":"tag-breakingnews","10":"tag-ee","11":"tag-eesti","12":"tag-eesti-keel","13":"tag-estonia","14":"tag-estonian","15":"tag-featured-news","16":"tag-featurednews","17":"tag-hapud-mandariinid","18":"tag-headlines","19":"tag-latest-news","20":"tag-latestnews","21":"tag-mandariin","22":"tag-mandariinid","23":"tag-news","24":"tag-populaarseimad-lood","25":"tag-top-stories","26":"tag-topstories","27":"tag-uldised-uudised","28":"tag-uudised","29":"tag-viimased-uudised"},"share_on_mastodon":{"url":"https:\/\/pubeurope.com\/@ee\/115713996500972420","error":""},"_links":{"self":[{"href":"https:\/\/www.europesays.com\/ee\/wp-json\/wp\/v2\/posts\/63914","targetHints":{"allow":["GET"]}}],"collection":[{"href":"https:\/\/www.europesays.com\/ee\/wp-json\/wp\/v2\/posts"}],"about":[{"href":"https:\/\/www.europesays.com\/ee\/wp-json\/wp\/v2\/types\/post"}],"author":[{"embeddable":true,"href":"https:\/\/www.europesays.com\/ee\/wp-json\/wp\/v2\/users\/2"}],"replies":[{"embeddable":true,"href":"https:\/\/www.europesays.com\/ee\/wp-json\/wp\/v2\/comments?post=63914"}],"version-history":[{"count":0,"href":"https:\/\/www.europesays.com\/ee\/wp-json\/wp\/v2\/posts\/63914\/revisions"}],"wp:featuredmedia":[{"embeddable":true,"href":"https:\/\/www.europesays.com\/ee\/wp-json\/wp\/v2\/media\/63915"}],"wp:attachment":[{"href":"https:\/\/www.europesays.com\/ee\/wp-json\/wp\/v2\/media?parent=63914"}],"wp:term":[{"taxonomy":"category","embeddable":true,"href":"https:\/\/www.europesays.com\/ee\/wp-json\/wp\/v2\/categories?post=63914"},{"taxonomy":"post_tag","embeddable":true,"href":"https:\/\/www.europesays.com\/ee\/wp-json\/wp\/v2\/tags?post=63914"}],"curies":[{"name":"wp","href":"https:\/\/api.w.org\/{rel}","templated":true}]}}