{"id":63919,"date":"2025-12-13T19:59:15","date_gmt":"2025-12-13T19:59:15","guid":{"rendered":"https:\/\/www.europesays.com\/ee\/63919\/"},"modified":"2025-12-13T19:59:15","modified_gmt":"2025-12-13T19:59:15","slug":"sokk-klaebo-ei-paasenud-esimest-korda-ligi-kumne-aasta-jooksul-veerandfinaalist-edasi","status":"publish","type":"post","link":"https:\/\/www.europesays.com\/ee\/63919\/","title":{"rendered":"\u0160OKK! Klaebo ei p\u00e4\u00e4senud esimest korda ligi k\u00fcmne aasta jooksul veerandfinaalist edasi"},"content":{"rendered":"<p>29aastane Klaebo p\u00f5rus Davosis veerandfinaals\u00f5idus t\u00e4ielikult. Distantsi esimeses pooles oleks ta laskumisel kurvis peaaegu kukkunud, kuid suutis tasakaalu tagasi saada. Norralane kaotas siiski tublisti aega ning pidi konkurentidele j\u00e4rele j\u00f5udmiseks hakkama t\u00f6\u00f6d tegema.<\/p>\n<p>Klaebol \u00f5nnestuski teised k\u00e4tte saada, kuid fini\u0161isirgele eelnenud j\u00e4rsk kurv eba\u00f5nnestus ning ta langes viiendaks. 15kordne maailmameister suutis enne l\u00f5ppu k\u00fcll \u00fchest konkurendist m\u00f6\u00f6da p\u00e4\u00e4seda ja neljandana l\u00f5petada, kuid poolfinaali see ei viinud \u2013 see sai selgeks p\u00e4rast kolmandat veerandfinaali ehk suusastaaril tuli kinnituseks veel kaks s\u00f5itu \u00e4ra oodata.<\/p>\n<blockquote class=\"twitter-tweet\">\n<p lang=\"sv\" dir=\"ltr\">Skr\u00e4llen: H\u00f6sflot Kl\u00e4bo endast fyra i f\u00f6rsta heatet i Davos \u2744<\/p>\n<p>Stj\u00e4rnan fly f\u00f6rbannad och stormade ut fr\u00e5n arenan \ud83c\uddf3\ud83c\uddf4 <a href=\"https:\/\/t.co\/CUvTHJZN0i\" rel=\"nofollow\">pic.twitter.com\/CUvTHJZN0i<\/a><\/p>\n<p>\u2014 Viaplay Vinter (@ViaplayVinter) <a href=\"https:\/\/twitter.com\/ViaplayVinter\/status\/1999871440116756736?ref_src=twsrc%5Etfw\" rel=\"nofollow noopener\" target=\"_blank\">December 13, 2025<\/a><\/p><\/blockquote>\n<p>Norra meedia vahendab, et Klaebo oli p\u00e4rast s\u00f5itu tulivihane. Ta tormas intervjuualast m\u00f6\u00f6da, viskas kepid maha ning rebis vesti puruks. Seej\u00e4rel lahkus mees suusastaadionilt. Norra koondise sprinditreener Arild Monsen oli eba\u00f5nnestunud s\u00f5idust \u0161okis.<\/p>\n<p>\u201eMidagi sellist ei juhtu peaaegu kunagi. Ta on suuskadel nagu kunstnik,\u201c s\u00f5nas ta ajalehele Verdens Gang (VG). \u201ePraegu ei tasu talt midagi k\u00fcsida, peame talle rahu andma. See oli alles l\u00f6\u00f6k.\u201c<\/p>\n<p>Klaebol katkes \u00fchtlasi pikk v\u00f5iduseeria: ta oli MK-sarjas sprindis alistamatu alates 2024. aasta jaanuarist, triumfeerides 18 j\u00e4rjestikuses s\u00f5idus.<\/p>\n<p>Davosis v\u00f5itis finaali Klaebo trennikaaslane Lucas Chanavat, prantslane edestas tasav\u00e4gises fini\u0161iheitluses Itaalia \u00e4ssa Federico Pellegrinot (+0,03), kolmanda koha sai norralane Oskar Opstad Vike (+1,23).<\/p>\n<blockquote class=\"twitter-tweet\">\n<p lang=\"fi\" dir=\"ltr\">Davosin sprintti tarjosi heti alkueriss\u00e4 ison YLL\u00c4TYKSEN, kun ennakkosuosikki Johannes H\u00f6sflot Kl\u00e4bo horjui itsens\u00e4 ulos v\u00e4lier\u00e4vaiheesta! \ud83d\ude32\ud83d\ude32<a href=\"https:\/\/twitter.com\/hashtag\/ViaplayTalvi?src=hash&amp;ref_src=twsrc%5Etfw\" rel=\"nofollow noopener\" target=\"_blank\">#ViaplayTalvi<\/a> <a href=\"https:\/\/t.co\/X6DAVJ8teH\" rel=\"nofollow\">pic.twitter.com\/X6DAVJ8teH<\/a><\/p>\n<p>\u2014 Viaplay Urheilu (@ViaplayUrheilu) <a href=\"https:\/\/twitter.com\/ViaplayUrheilu\/status\/1999876300241322234?ref_src=twsrc%5Etfw\" rel=\"nofollow noopener\" target=\"_blank\">December 13, 2025<\/a><\/p><\/blockquote>\n<p> <script async src=\"https:\/\/platform.twitter.com\/widgets.js\" charset=\"utf-8\"><\/script><\/p>\n","protected":false},"excerpt":{"rendered":"29aastane Klaebo p\u00f5rus Davosis veerandfinaals\u00f5idus t\u00e4ielikult. Distantsi esimeses pooles oleks ta laskumisel kurvis peaaegu kukkunud, kuid suutis tasakaalu&hellip;\n","protected":false},"author":2,"featured_media":63920,"comment_status":"","ping_status":"","sticky":false,"template":"","format":"standard","meta":{"footnotes":""},"categories":[80],"tags":[26,27,37,33,35,34,36,31,32,21,28,29,95,19,25,23,24,22,20,30,92,93,94],"class_list":{"0":"post-63919","1":"post","2":"type-post","3":"status-publish","4":"format-standard","5":"has-post-thumbnail","7":"category-maailm","8":"tag-breaking-news","9":"tag-breakingnews","10":"tag-ee","11":"tag-eesti","12":"tag-eesti-keel","13":"tag-estonia","14":"tag-estonian","15":"tag-featured-news","16":"tag-featurednews","17":"tag-headlines","18":"tag-latest-news","19":"tag-latestnews","20":"tag-maailm","21":"tag-news","22":"tag-populaarseimad-lood","23":"tag-top-stories","24":"tag-topstories","25":"tag-uldised-uudised","26":"tag-uudised","27":"tag-viimased-uudised","28":"tag-world","29":"tag-world-news","30":"tag-worldnews"},"share_on_mastodon":{"url":"https:\/\/pubeurope.com\/@ee\/115714035826546084","error":""},"_links":{"self":[{"href":"https:\/\/www.europesays.com\/ee\/wp-json\/wp\/v2\/posts\/63919","targetHints":{"allow":["GET"]}}],"collection":[{"href":"https:\/\/www.europesays.com\/ee\/wp-json\/wp\/v2\/posts"}],"about":[{"href":"https:\/\/www.europesays.com\/ee\/wp-json\/wp\/v2\/types\/post"}],"author":[{"embeddable":true,"href":"https:\/\/www.europesays.com\/ee\/wp-json\/wp\/v2\/users\/2"}],"replies":[{"embeddable":true,"href":"https:\/\/www.europesays.com\/ee\/wp-json\/wp\/v2\/comments?post=63919"}],"version-history":[{"count":0,"href":"https:\/\/www.europesays.com\/ee\/wp-json\/wp\/v2\/posts\/63919\/revisions"}],"wp:featuredmedia":[{"embeddable":true,"href":"https:\/\/www.europesays.com\/ee\/wp-json\/wp\/v2\/media\/63920"}],"wp:attachment":[{"href":"https:\/\/www.europesays.com\/ee\/wp-json\/wp\/v2\/media?parent=63919"}],"wp:term":[{"taxonomy":"category","embeddable":true,"href":"https:\/\/www.europesays.com\/ee\/wp-json\/wp\/v2\/categories?post=63919"},{"taxonomy":"post_tag","embeddable":true,"href":"https:\/\/www.europesays.com\/ee\/wp-json\/wp\/v2\/tags?post=63919"}],"curies":[{"name":"wp","href":"https:\/\/api.w.org\/{rel}","templated":true}]}}