{"id":63921,"date":"2025-12-13T20:01:11","date_gmt":"2025-12-13T20:01:11","guid":{"rendered":"https:\/\/www.europesays.com\/ee\/63921\/"},"modified":"2025-12-13T20:01:11","modified_gmt":"2025-12-13T20:01:11","slug":"tartus-peeti-juba-16-korda-talvist-tantsupaeva-eesti","status":"publish","type":"post","link":"https:\/\/www.europesays.com\/ee\/63921\/","title":{"rendered":"Tartus peeti juba 16. korda talvist tantsup\u00e4eva | Eesti"},"content":{"rendered":"<p>Kuigi paksu lumekatet veel maas ei ole, peeti Tartu j\u00f5ululinnas juba 16. korda talvist tantsup\u00e4eva. Rahvatantsijaid oli kohale tulnud Eesti eri paigust \u00fcle 1600.<\/p>\n<p>Kerges detsembrimiinuses oli laup\u00e4eval Tartu raekoja platsile kogunenud ligi 1600 tantsijat, et m\u00f5nusat talveilma t\u00e4histada. Kui varem on tantsukavas olnud rohkem kodumaiseid tantse, siis sel aastal on sekka v\u00f5etud ka v\u00e4lismaiseid, kuid oma sammu poolest on need kodumaisetega \u00fcsna sarnased.<\/p>\n<p>&#8220;Valisin huvitavamad tantsud, mida v\u00f5ib-olla iga tantsija ei tea ja mis oleks nendele ka p\u00f5nevad ja uued \u00f5ppida. T\u00e4nasel tantsup\u00e4eval on nii, et kui varem on olnud igasugused Eesti p\u00e4rimustantsud, siis sellel korral r\u00e4ndame m\u00f6\u00f6da Euroopat. Meil on L\u00e4tist, Leedust, Belgiast, flaami tants on meil n\u00e4iteks, aga on ka osa Eesti tantse. Eesti tantsud on ka pigem erilised, on kaks Pakri tantsu ja kaks Kihnu tantsu,&#8221; r\u00e4\u00e4kis tantsup\u00e4eva kunstiline juht Meelika Karna.<\/p>\n<p>Kuna tantsuhuvilisi on aasta-aastalt aina rohkem, siis korraldati seekord pidu kahes osas. Kella 11 ajal said tantsida nooremad tantsulised ja kella \u00fchest vanemad.<\/p>\n<p>30 aastat rahvatantsuga tegelenud Aira Aleksejeva s\u00f5nul olid t\u00e4navused tantsud teistsugused ja nende \u00f5ppimine n\u00f5udis omajagu aega, aga sadade teiste tantsijatega koos tulid tantsusammud kenasti v\u00e4lja.<\/p>\n<p>&#8220;Meil oli r\u00fchmas \u00e4ra \u00f5pitud, et kes millist tantsu alustab, et meil ei l\u00e4heks segamini, kas paremale v\u00f5i vasakule. Selles suhtes l\u00e4ks meil h\u00e4sti, ma arvan, et paremini kui m\u00f6\u00f6dunud aastal. See on nagu \u00fcks ajaj\u00e4rk, mis teeb aasta pooleks \u2013 tuleb talvine tantsupidu, siis tulevad suvised esinemised, on kogu aeg, mille nimel trennis k\u00e4ia,&#8221; lausus Aleksejeva.<\/p>\n<p>Oli ka neid, kellele t\u00e4navune talvine tantsup\u00e4ev oli esimene.<\/p>\n<p>&#8220;Mu isa on suur rahvatantsus\u00f5ber ja ma valisin endale s\u00fcgisel \u00fche valikaine koolis, kus ma saan trennis k\u00e4imise eest EAP-sid ja ma m\u00f5tlesin, et see on n\u00fc\u00fcd koht, kus ma saaksin l\u00f5puks j\u00f5uda rahvatantsuni. Eks need (tantsud) k\u00f5ik olid minu jaoks natuke keerulised, kuna ma ei ole rahvatantsuga kokku puutunud. Need, kus oli valsi tantsimist, need olid mulle natuke keerulisemad,; kus ma sain lihtsalt keerutada, need olid natuke kergemad,&#8221; \u00fctles Emma Riin Paju.<\/p>\n","protected":false},"excerpt":{"rendered":"Kuigi paksu lumekatet veel maas ei ole, peeti Tartu j\u00f5ululinnas juba 16. korda talvist tantsup\u00e4eva. Rahvatantsijaid oli kohale&hellip;\n","protected":false},"author":2,"featured_media":63922,"comment_status":"","ping_status":"","sticky":false,"template":"","format":"standard","meta":{"footnotes":""},"categories":[12],"tags":[26,27,37,33,35,34,36,31,32,21,28,29,19,25,32364,249,23,24,22,20,30],"class_list":{"0":"post-63921","1":"post","2":"type-post","3":"status-publish","4":"format-standard","5":"has-post-thumbnail","7":"category-eesti","8":"tag-breaking-news","9":"tag-breakingnews","10":"tag-ee","11":"tag-eesti","12":"tag-eesti-keel","13":"tag-estonia","14":"tag-estonian","15":"tag-featured-news","16":"tag-featurednews","17":"tag-headlines","18":"tag-latest-news","19":"tag-latestnews","20":"tag-news","21":"tag-populaarseimad-lood","22":"tag-talvine-tantsupaev","23":"tag-tartu","24":"tag-top-stories","25":"tag-topstories","26":"tag-uldised-uudised","27":"tag-uudised","28":"tag-viimased-uudised"},"share_on_mastodon":{"url":"https:\/\/pubeurope.com\/@ee\/115714043716192901","error":""},"_links":{"self":[{"href":"https:\/\/www.europesays.com\/ee\/wp-json\/wp\/v2\/posts\/63921","targetHints":{"allow":["GET"]}}],"collection":[{"href":"https:\/\/www.europesays.com\/ee\/wp-json\/wp\/v2\/posts"}],"about":[{"href":"https:\/\/www.europesays.com\/ee\/wp-json\/wp\/v2\/types\/post"}],"author":[{"embeddable":true,"href":"https:\/\/www.europesays.com\/ee\/wp-json\/wp\/v2\/users\/2"}],"replies":[{"embeddable":true,"href":"https:\/\/www.europesays.com\/ee\/wp-json\/wp\/v2\/comments?post=63921"}],"version-history":[{"count":0,"href":"https:\/\/www.europesays.com\/ee\/wp-json\/wp\/v2\/posts\/63921\/revisions"}],"wp:featuredmedia":[{"embeddable":true,"href":"https:\/\/www.europesays.com\/ee\/wp-json\/wp\/v2\/media\/63922"}],"wp:attachment":[{"href":"https:\/\/www.europesays.com\/ee\/wp-json\/wp\/v2\/media?parent=63921"}],"wp:term":[{"taxonomy":"category","embeddable":true,"href":"https:\/\/www.europesays.com\/ee\/wp-json\/wp\/v2\/categories?post=63921"},{"taxonomy":"post_tag","embeddable":true,"href":"https:\/\/www.europesays.com\/ee\/wp-json\/wp\/v2\/tags?post=63921"}],"curies":[{"name":"wp","href":"https:\/\/api.w.org\/{rel}","templated":true}]}}