{"id":63923,"date":"2025-12-13T20:03:13","date_gmt":"2025-12-13T20:03:13","guid":{"rendered":"https:\/\/www.europesays.com\/ee\/63923\/"},"modified":"2025-12-13T20:03:13","modified_gmt":"2025-12-13T20:03:13","slug":"taispikkuses-vaata-uuesti-tartu-ulikool-maks-moorits-valmiera-glass-via-kohtumist-delfi-sport","status":"publish","type":"post","link":"https:\/\/www.europesays.com\/ee\/63923\/","title":{"rendered":"T\u00c4ISPIKKUSES | Vaata uuesti Tartu \u00dclikool Maks &amp; Moorits &#8211; Valmiera Glass Via kohtumist! &#8211; Delfi Sport"},"content":{"rendered":"<ol>\n<li><a href=\"https:\/\/news.google.com\/rss\/articles\/CBMixgFBVV95cUxPdmNiNjB4Wnp4V1lscEQ4cF82Um9GMXhiU3dNeFB4M0xieWR0TW9SXzhyZmgzUm5sLXNyazJhVVR0RGlmOGhHZUdKRzBZdnFQc2k1aU40OFA2ZWZpc2VBUDhNMzFBVndRVnh6VkJfYVlMU1BWYkpYY09sX2ZCQVVxOEpDZm5zeFZrNFBmUV9feF9lMmJXSEFib05acW1ETDctbDVxZmRVVVFmSnlKMF8weDFzTDRDVy1mWjk0TWhwNFNPNlg5U1E?oc=5\" target=\"_blank\" rel=\"nofollow noopener\">T\u00c4ISPIKKUSES | Vaata uuesti Tartu \u00dclikool Maks &amp; Moorits &#8211; Valmiera Glass Via kohtumist!<\/a>&nbsp;&nbsp;Delfi Sport<\/li>\n<li><a href=\"https:\/\/news.google.com\/rss\/articles\/CBMizAFBVV95cUxQdXoxOHFadGN0RVE5MjJrSDNJbk9DNHplY0ltZXhsa0JIY2E3VnlKa2EwbV91eURmNFRVV1NMWDJaTVRWOFNVS2JBV2pYeXM0Q2cwYXpfOXJzYUx3Tm9OajNQai1pUDA2TmF0Vkg2eFJxMWd4UTZpS0JidVZfNU85RF9vbE8xMXUxM2FmU19qSTNVRFRRR0dkUVYtdzcza2tEdDh1QkNsamVoaWNWZ1lqY243enJsSXdWVVBtV2FyQVgxYUpBSmtWU2xRaDc?oc=5\" target=\"_blank\" rel=\"nofollow noopener\">OTSE DELFI TV-s | Tartu \u00dclikool Maks &amp; Moorits juhib otsustava veerandi eel kolme punktiga<\/a>&nbsp;&nbsp;Delfi Sport<\/li>\n<li><a href=\"https:\/\/news.google.com\/rss\/articles\/CBMiywFBVV95cUxQLV96cHBGci1saDZzRDd6WFdkV3QzNGZ2cmFuX1NzWk5CZ0IxR3lTS0l3NUdOV21iU01TNVdRaWREbGdKb2FpTEtWNjFtTXJBdm9nQTBsWkFSdExiOUpjSGgwOXM3ZDQwQkVJdldNTmxudkJHVnhEbWFNN2N3YVliWlZoZ0RlLU9mZlVzdmdjMkZzOTVJeVpzZmtHeEg3WTk5eTJVYlVPVWZoRHdoR1MzaThSSDNHODhhR2pnVjRtVHNneHFFQjZjY2xUSQ?oc=5\" target=\"_blank\" rel=\"nofollow noopener\">Tartu sai uue m\u00e4ngujuhi vedamisel punase laterna \u00fcle v\u00f5idu. Lips: \u201e\u00dctlesin talle, et \u00e4ra muretse.\u201c<\/a>&nbsp;&nbsp;\u00d5htuleht<\/li>\n<li><a href=\"https:\/\/news.google.com\/rss\/articles\/CBMivwFBVV95cUxOVURhb3FnTjA3anRkVjFXMWVKNXdDQzFhREg1cDdIUmdsdHR3aTRSc0FlbnNIQUZEaGNTLW80X2t6aHl0QkVHZUZmUVVpbk5hYWhlY0dvU3pTeTZTQ3Rjb3lKZ29oZWVaN3pFWmhwNklmZ3J5dktuWVpqT0ZKX2lWVmRYWm1uWWplZ256MzRDcFNBMkJpc09OLVhteDJfem42QVIxb3RyU2pvMGZweXM5QVRCZVVHMjNvRGdTSkJJYw?oc=5\" target=\"_blank\" rel=\"nofollow noopener\">Kalev\/Cramo kaotas kahe lisaajaga trilleri, l\u00e4hirivaali alistanud Tartu j\u00e4tkab t\u00e4iseduga<\/a>&nbsp;&nbsp;Postimees Sport<\/li>\n<li><a href=\"https:\/\/news.google.com\/rss\/articles\/CBMirwFBVV95cUxNTjgxZmNndmFNS0hVOFBjeFpwUG50ckJVRFZ1bUxfTTBxYzBYWFZnMjFFRTdEUVM1bVBNa2VNZTMzR2JnY3ZRdmhxZ3RCOVVrUUpaelIyYzRKUC1scmw5Y1c3RW1RSDJmRmhwdXVFNU81MnJtd3ZfZl9DRzZSc09ZNzlXS1ZDeXZtZVlLTDhQU2VrQXVaQVdTWlJWX3dROGJQaXRoSC1oSXJlTm1vNlow?oc=5\" target=\"_blank\" rel=\"nofollow noopener\">M\u00c4NGU HETKED | Tartu \u00dclikooli uus leegion\u00e4r tegi resultatiivse deb\u00fc\u00fcdi<\/a>&nbsp;&nbsp;Delfi Sport<\/li>\n<\/ol>\n","protected":false},"excerpt":{"rendered":"T\u00c4ISPIKKUSES | Vaata uuesti Tartu \u00dclikool Maks &amp; Moorits &#8211; Valmiera Glass Via kohtumist!&nbsp;&nbsp;Delfi Sport OTSE DELFI TV-s&hellip;\n","protected":false},"author":2,"featured_media":63924,"comment_status":"","ping_status":"","sticky":false,"template":"","format":"standard","meta":{"footnotes":""},"categories":[5],"tags":[26,27,662,37,33,35,34,36,31,32,21,28,29,19,25,159,23,24,22,20,30],"class_list":{"0":"post-63923","1":"post","2":"type-post","3":"status-publish","4":"format-standard","5":"has-post-thumbnail","7":"category-uldised-uudised","8":"tag-breaking-news","9":"tag-breakingnews","10":"tag-delfi","11":"tag-ee","12":"tag-eesti","13":"tag-eesti-keel","14":"tag-estonia","15":"tag-estonian","16":"tag-featured-news","17":"tag-featurednews","18":"tag-headlines","19":"tag-latest-news","20":"tag-latestnews","21":"tag-news","22":"tag-populaarseimad-lood","23":"tag-sport","24":"tag-top-stories","25":"tag-topstories","26":"tag-uldised-uudised","27":"tag-uudised","28":"tag-viimased-uudised"},"share_on_mastodon":{"url":"https:\/\/pubeurope.com\/@ee\/115714051506240746","error":""},"_links":{"self":[{"href":"https:\/\/www.europesays.com\/ee\/wp-json\/wp\/v2\/posts\/63923","targetHints":{"allow":["GET"]}}],"collection":[{"href":"https:\/\/www.europesays.com\/ee\/wp-json\/wp\/v2\/posts"}],"about":[{"href":"https:\/\/www.europesays.com\/ee\/wp-json\/wp\/v2\/types\/post"}],"author":[{"embeddable":true,"href":"https:\/\/www.europesays.com\/ee\/wp-json\/wp\/v2\/users\/2"}],"replies":[{"embeddable":true,"href":"https:\/\/www.europesays.com\/ee\/wp-json\/wp\/v2\/comments?post=63923"}],"version-history":[{"count":0,"href":"https:\/\/www.europesays.com\/ee\/wp-json\/wp\/v2\/posts\/63923\/revisions"}],"wp:featuredmedia":[{"embeddable":true,"href":"https:\/\/www.europesays.com\/ee\/wp-json\/wp\/v2\/media\/63924"}],"wp:attachment":[{"href":"https:\/\/www.europesays.com\/ee\/wp-json\/wp\/v2\/media?parent=63923"}],"wp:term":[{"taxonomy":"category","embeddable":true,"href":"https:\/\/www.europesays.com\/ee\/wp-json\/wp\/v2\/categories?post=63923"},{"taxonomy":"post_tag","embeddable":true,"href":"https:\/\/www.europesays.com\/ee\/wp-json\/wp\/v2\/tags?post=63923"}],"curies":[{"name":"wp","href":"https:\/\/api.w.org\/{rel}","templated":true}]}}