{"id":63926,"date":"2025-12-13T20:15:13","date_gmt":"2025-12-13T20:15:13","guid":{"rendered":"https:\/\/www.europesays.com\/ee\/63926\/"},"modified":"2025-12-13T20:15:13","modified_gmt":"2025-12-13T20:15:13","slug":"usakov-on-voimalik-et-donbassis-ei-hakka-olema-ei-vene-ega-ukraina-vagesid-vaid-vene-rahvuskaart-ja-politsei","status":"publish","type":"post","link":"https:\/\/www.europesays.com\/ee\/63926\/","title":{"rendered":"U\u0161akov: on v\u00f5imalik, et Donbassis ei hakka olema ei Vene ega Ukraina v\u00e4gesid, vaid Vene rahvuskaart ja politsei"},"content":{"rendered":"<p>\u201eOn t\u00e4iesti v\u00f5imalik, et seal ei hakka olema vahetult v\u00e4gesid, ei Vene ega Ukraina. Jah, aga hakkab olema rahvuskaart, hakkab olema meie politsei, hakkab olema k\u00f5ik, mida on vaja korra tagamiseks ja elu organiseerimiseks,\u201c \u00fctles U\u0161akov intervjuus ajalehele Kommersant, vahendab Interfax.<\/p>\n<p>\u201eIgal juhul, milline asjakorraldus ka ei oleks, on see territoorium Vene F\u00f6deratsiooni territoorium ja see j\u00e4\u00e4b meie administratsiooni valitsemise alla,\u201c lisas U\u0161akov.<\/p>\n<p>U\u0161akov \u00fctles, et relvarahu on Ukrainas v\u00f5imalik ainult p\u00e4rast Ukraina v\u00e4gede v\u00e4ljaviimist Donbassist.<\/p>\n<p>\u201eVarem v\u00f5i hiljem, kui mitte l\u00e4bir\u00e4\u00e4kimiste teel, siis s\u00f5jalisel, l\u00e4heb see territoorium Vene F\u00f6deratsiooni kontrolli alla. Ainult sellest s\u00f5ltub k\u00f5ik \u00fclej\u00e4\u00e4nu. See t\u00e4hendab, et relvarahu saab saabuda ainult p\u00e4rast Ukraina v\u00e4gede v\u00e4ljaviimist,\u201c lausus U\u0161akov.<\/p>\n<p>Kuidas see lugu Sind end tundma pani? Saada <\/p>\n","protected":false},"excerpt":{"rendered":"\u201eOn t\u00e4iesti v\u00f5imalik, et seal ei hakka olema vahetult v\u00e4gesid, ei Vene ega Ukraina. Jah, aga hakkab olema&hellip;\n","protected":false},"author":2,"featured_media":63008,"comment_status":"","ping_status":"","sticky":false,"template":"","format":"standard","meta":{"footnotes":""},"categories":[80],"tags":[26,27,5006,37,33,35,34,36,31,32,21,12329,28,29,95,19,25,107,23,24,262,22,20,96,30,661,92,93,94],"class_list":{"0":"post-63926","1":"post","2":"type-post","3":"status-publish","4":"format-standard","5":"has-post-thumbnail","7":"category-maailm","8":"tag-breaking-news","9":"tag-breakingnews","10":"tag-donbass","11":"tag-ee","12":"tag-eesti","13":"tag-eesti-keel","14":"tag-estonia","15":"tag-estonian","16":"tag-featured-news","17":"tag-featurednews","18":"tag-headlines","19":"tag-juri-usakov","20":"tag-latest-news","21":"tag-latestnews","22":"tag-maailm","23":"tag-news","24":"tag-populaarseimad-lood","25":"tag-soda-ukrainas","26":"tag-top-stories","27":"tag-topstories","28":"tag-ukraina","29":"tag-uldised-uudised","30":"tag-uudised","31":"tag-venemaa","32":"tag-viimased-uudised","33":"tag-vladimir-putin","34":"tag-world","35":"tag-world-news","36":"tag-worldnews"},"share_on_mastodon":{"url":"https:\/\/pubeurope.com\/@ee\/115714098813407698","error":""},"_links":{"self":[{"href":"https:\/\/www.europesays.com\/ee\/wp-json\/wp\/v2\/posts\/63926","targetHints":{"allow":["GET"]}}],"collection":[{"href":"https:\/\/www.europesays.com\/ee\/wp-json\/wp\/v2\/posts"}],"about":[{"href":"https:\/\/www.europesays.com\/ee\/wp-json\/wp\/v2\/types\/post"}],"author":[{"embeddable":true,"href":"https:\/\/www.europesays.com\/ee\/wp-json\/wp\/v2\/users\/2"}],"replies":[{"embeddable":true,"href":"https:\/\/www.europesays.com\/ee\/wp-json\/wp\/v2\/comments?post=63926"}],"version-history":[{"count":0,"href":"https:\/\/www.europesays.com\/ee\/wp-json\/wp\/v2\/posts\/63926\/revisions"}],"wp:featuredmedia":[{"embeddable":true,"href":"https:\/\/www.europesays.com\/ee\/wp-json\/wp\/v2\/media\/63008"}],"wp:attachment":[{"href":"https:\/\/www.europesays.com\/ee\/wp-json\/wp\/v2\/media?parent=63926"}],"wp:term":[{"taxonomy":"category","embeddable":true,"href":"https:\/\/www.europesays.com\/ee\/wp-json\/wp\/v2\/categories?post=63926"},{"taxonomy":"post_tag","embeddable":true,"href":"https:\/\/www.europesays.com\/ee\/wp-json\/wp\/v2\/tags?post=63926"}],"curies":[{"name":"wp","href":"https:\/\/api.w.org\/{rel}","templated":true}]}}