{"id":63927,"date":"2025-12-13T20:17:15","date_gmt":"2025-12-13T20:17:15","guid":{"rendered":"https:\/\/www.europesays.com\/ee\/63927\/"},"modified":"2025-12-13T20:17:15","modified_gmt":"2025-12-13T20:17:15","slug":"fotod-kalamajas-poleb-korter-viga-sai-kass","status":"publish","type":"post","link":"https:\/\/www.europesays.com\/ee\/63927\/","title":{"rendered":"FOTOD | Kalamajas p\u00f5leb korter, viga sai kass"},"content":{"rendered":"<p>Kalamajas p\u00f5leb T\u00f6\u00f6stuse 31 aadressil asuva kortermaja teise korruse korter.<\/p>\n<p>P\u00f5hja <a rel=\"noopener nofollow\" target=\"_blank\" href=\"https:\/\/www.delfi.ee\/teema\/56816716\/paastekeskus\" tag-id=\"56816716\">p\u00e4\u00e4stekeskuse<\/a> pressiesindaja lausus kella 21 paiku, et p\u00f5leng on saadud kontrolli alla ning inimkannatanuid pole. Sellegipoolest pole tema s\u00f5nul veel tulekahju lokaliseeritud, aga p\u00e4\u00e4steameti \u00fcksused liiguvad aegamisi s\u00fcndmuspaigalt \u00e4ra.<\/p>\n<p>P\u00e4\u00e4steamet lisas, et teadaolevalt on haiget saanud kass, kelle t\u00f5id p\u00e4\u00e4stjad korterist v\u00e4lja. Tulekahju p\u00f5hjuse selgitab menetlus.<\/p>\n<p><a href=\"https:\/\/www.delfi.ee\/artikkel\/120423459\/fotod-kalamajas-poleb-korter-viga-sai-kass\/kommentaarid\" class=\"article-body-bottom__comment article-body-bottom__comment--write button button--primary button--size-auto\" rel=\"nofollow noopener\" target=\"_blank\"> Kommenteeri <\/a><a href=\"https:\/\/www.delfi.ee\/artikkel\/120423459\/fotod-kalamajas-poleb-korter-viga-sai-kass\/kommentaarid\" class=\"article-body-bottom__comment article-body-bottom__comment--read button button--size-auto\" rel=\"nofollow noopener\" target=\"_blank\"> Loe kommentaare <\/a><\/p>\n","protected":false},"excerpt":{"rendered":"Kalamajas p\u00f5leb T\u00f6\u00f6stuse 31 aadressil asuva kortermaja teise korruse korter. P\u00f5hja p\u00e4\u00e4stekeskuse pressiesindaja lausus kella 21 paiku, et&hellip;\n","protected":false},"author":2,"featured_media":63928,"comment_status":"","ping_status":"","sticky":false,"template":"","format":"standard","meta":{"footnotes":""},"categories":[12],"tags":[26,27,37,33,35,34,36,31,32,21,6196,28,29,3186,19,8926,25,23,24,358,22,20,30],"class_list":{"0":"post-63927","1":"post","2":"type-post","3":"status-publish","4":"format-standard","5":"has-post-thumbnail","7":"category-eesti","8":"tag-breaking-news","9":"tag-breakingnews","10":"tag-ee","11":"tag-eesti","12":"tag-eesti-keel","13":"tag-estonia","14":"tag-estonian","15":"tag-featured-news","16":"tag-featurednews","17":"tag-headlines","18":"tag-kortermajad","19":"tag-latest-news","20":"tag-latestnews","21":"tag-louna-paastekeskus","22":"tag-news","23":"tag-paastekeskus","24":"tag-populaarseimad-lood","25":"tag-top-stories","26":"tag-topstories","27":"tag-tulekahju","28":"tag-uldised-uudised","29":"tag-uudised","30":"tag-viimased-uudised"},"share_on_mastodon":{"url":"https:\/\/pubeurope.com\/@ee\/115714108381323000","error":""},"_links":{"self":[{"href":"https:\/\/www.europesays.com\/ee\/wp-json\/wp\/v2\/posts\/63927","targetHints":{"allow":["GET"]}}],"collection":[{"href":"https:\/\/www.europesays.com\/ee\/wp-json\/wp\/v2\/posts"}],"about":[{"href":"https:\/\/www.europesays.com\/ee\/wp-json\/wp\/v2\/types\/post"}],"author":[{"embeddable":true,"href":"https:\/\/www.europesays.com\/ee\/wp-json\/wp\/v2\/users\/2"}],"replies":[{"embeddable":true,"href":"https:\/\/www.europesays.com\/ee\/wp-json\/wp\/v2\/comments?post=63927"}],"version-history":[{"count":0,"href":"https:\/\/www.europesays.com\/ee\/wp-json\/wp\/v2\/posts\/63927\/revisions"}],"wp:featuredmedia":[{"embeddable":true,"href":"https:\/\/www.europesays.com\/ee\/wp-json\/wp\/v2\/media\/63928"}],"wp:attachment":[{"href":"https:\/\/www.europesays.com\/ee\/wp-json\/wp\/v2\/media?parent=63927"}],"wp:term":[{"taxonomy":"category","embeddable":true,"href":"https:\/\/www.europesays.com\/ee\/wp-json\/wp\/v2\/categories?post=63927"},{"taxonomy":"post_tag","embeddable":true,"href":"https:\/\/www.europesays.com\/ee\/wp-json\/wp\/v2\/tags?post=63927"}],"curies":[{"name":"wp","href":"https:\/\/api.w.org\/{rel}","templated":true}]}}