{"id":63929,"date":"2025-12-13T20:19:41","date_gmt":"2025-12-13T20:19:41","guid":{"rendered":"https:\/\/www.europesays.com\/ee\/63929\/"},"modified":"2025-12-13T20:19:41","modified_gmt":"2025-12-13T20:19:41","slug":"tipphetked-tartu-ulikool-maks-moorits-sai-ponevusmangus-jagu-valmeirast-ja-jatkab-taiseduga-2","status":"publish","type":"post","link":"https:\/\/www.europesays.com\/ee\/63929\/","title":{"rendered":"TIPPHETKED | Tartu \u00dclikool Maks &#038; Moorits sai p\u00f5nevusm\u00e4ngus jagu Valmeirast ja j\u00e4tkab t\u00e4iseduga"},"content":{"rendered":"<p>Tartu alustas kohtumist h\u00e4sti ning l\u00e4ks kohtumist kiirelt seitsme punktiga juhtima. Esimese veerandaja v\u00f5itsid tartlased kaheksa punktiga. (26:18). Teisel veerandajal kodumeeskonal r\u00fcnnak k\u00f5ige paremini ei sujunud ning poolajapausile l\u00e4ks Tartu vastu seisult 40:41. Tasav\u00e4gise kolmanda veerandi v\u00f5itis kodumeeskond 22:18. Otsustaval veerandil l\u00e4ks Tartu kaks minutit enne kohtumise l\u00f5ppu kaheksa punktiga juhtima, p\u00e4rast mida tegi Valmeira 5:0 vahespurdi ning p\u00f5nevust j\u00e4tkus kuni m\u00e4ngu l\u00f5puni. <\/p>\n<p>Tartu parimana viskas Bryce Davien Mcbride 22 silma ning andis neli korvis\u00f6\u00f6tu. Kuu aega v\u00e4ljakult eemal olnud Malcolm Bernard lisas 16 punkti ja Markus Ilveri saagiks j\u00e4i 13 punkti. Valmeira parim oli Aniwaniwa Tait-Jones 26 punktiga. <\/p>\n<p>Tartu v\u00e4ljakult v\u00f5etud visete protsent oli 39 (27\/69), seejuures kaugviskeid tabati 42-protsendilise t\u00e4psusega. (14\/33). Valmeiral olid need numbrid 45 (28\/61) ja 33 (6\/18). Lauav\u00f5itluses j\u00e4i peale k\u00fclalismeeskond 42:38.<\/p>\n<p>Tartu \u00dclikool j\u00e4tkab liigas ainsa t\u00e4iseduga v\u00f5istkonnana, kui seni on v\u00f5idetud k\u00f5ik 12 kohtumist. Hooaega seitsme v\u00f5iduga alustanud Valmiera (9-4) on liigatabelis neljas.<\/p>\n<p>Intervjuu Martin Paasojaga:<\/p>\n<p>Kuidas see lugu Sind end tundma pani? Saada <a href=\"https:\/\/sport.delfi.ee\/artikkel\/120423361\/tipphetked-tartu-ulikool-maks-amp-moorits-sai-ponevusmangus-jagu-valmeirast-ja-jatkab-taiseduga\/kommentaarid\" class=\"article-body-bottom__comment article-body-bottom__comment--write button button--primary button--size-auto\" rel=\"nofollow noopener\" target=\"_blank\"> Kommenteeri <\/a><a href=\"https:\/\/sport.delfi.ee\/artikkel\/120423361\/tipphetked-tartu-ulikool-maks-amp-moorits-sai-ponevusmangus-jagu-valmeirast-ja-jatkab-taiseduga\/kommentaarid\" class=\"article-body-bottom__comment article-body-bottom__comment--read button button--size-auto\" rel=\"nofollow noopener\" target=\"_blank\"> Loe kommentaare (36)<\/a><\/p>\n","protected":false},"excerpt":{"rendered":"Tartu alustas kohtumist h\u00e4sti ning l\u00e4ks kohtumist kiirelt seitsme punktiga juhtima. Esimese veerandaja v\u00f5itsid tartlased kaheksa punktiga. (26:18).&hellip;\n","protected":false},"author":2,"featured_media":63872,"comment_status":"","ping_status":"","sticky":false,"template":"","format":"standard","meta":{"footnotes":""},"categories":[5],"tags":[26,27,37,33,35,34,36,31,32,21,28,29,19,25,2379,23,24,22,20,30],"class_list":{"0":"post-63929","1":"post","2":"type-post","3":"status-publish","4":"format-standard","5":"has-post-thumbnail","7":"category-uldised-uudised","8":"tag-breaking-news","9":"tag-breakingnews","10":"tag-ee","11":"tag-eesti","12":"tag-eesti-keel","13":"tag-estonia","14":"tag-estonian","15":"tag-featured-news","16":"tag-featurednews","17":"tag-headlines","18":"tag-latest-news","19":"tag-latestnews","20":"tag-news","21":"tag-populaarseimad-lood","22":"tag-tartu-ulikool-maks-moorits","23":"tag-top-stories","24":"tag-topstories","25":"tag-uldised-uudised","26":"tag-uudised","27":"tag-viimased-uudised"},"share_on_mastodon":{"url":"https:\/\/pubeurope.com\/@ee\/115714117863046274","error":""},"_links":{"self":[{"href":"https:\/\/www.europesays.com\/ee\/wp-json\/wp\/v2\/posts\/63929","targetHints":{"allow":["GET"]}}],"collection":[{"href":"https:\/\/www.europesays.com\/ee\/wp-json\/wp\/v2\/posts"}],"about":[{"href":"https:\/\/www.europesays.com\/ee\/wp-json\/wp\/v2\/types\/post"}],"author":[{"embeddable":true,"href":"https:\/\/www.europesays.com\/ee\/wp-json\/wp\/v2\/users\/2"}],"replies":[{"embeddable":true,"href":"https:\/\/www.europesays.com\/ee\/wp-json\/wp\/v2\/comments?post=63929"}],"version-history":[{"count":0,"href":"https:\/\/www.europesays.com\/ee\/wp-json\/wp\/v2\/posts\/63929\/revisions"}],"wp:featuredmedia":[{"embeddable":true,"href":"https:\/\/www.europesays.com\/ee\/wp-json\/wp\/v2\/media\/63872"}],"wp:attachment":[{"href":"https:\/\/www.europesays.com\/ee\/wp-json\/wp\/v2\/media?parent=63929"}],"wp:term":[{"taxonomy":"category","embeddable":true,"href":"https:\/\/www.europesays.com\/ee\/wp-json\/wp\/v2\/categories?post=63929"},{"taxonomy":"post_tag","embeddable":true,"href":"https:\/\/www.europesays.com\/ee\/wp-json\/wp\/v2\/tags?post=63929"}],"curies":[{"name":"wp","href":"https:\/\/api.w.org\/{rel}","templated":true}]}}