{"id":63932,"date":"2025-12-13T20:31:40","date_gmt":"2025-12-13T20:31:40","guid":{"rendered":"https:\/\/www.europesays.com\/ee\/63932\/"},"modified":"2025-12-13T20:31:40","modified_gmt":"2025-12-13T20:31:40","slug":"pildid-%e2%9f%a9-annelinnas-algas-15-korruselise-majamuraka-ehitus","status":"publish","type":"post","link":"https:\/\/www.europesays.com\/ee\/63932\/","title":{"rendered":"PILDID \u27e9 Annelinnas algas 15-korruselise majam\u00fcraka ehitus"},"content":{"rendered":"<p>Kinnisvaraettev\u00f5tted Dorpat Kinnisvara ja Vintselle on s\u00f5lminud Dorpat Ehitusega lepingu, et alustada Tartus Annelinnas 15-korruselise k\u00f5rghoone ehk Kalda Torni ehitust. Ettevalmistused suuremaks ehitust\u00f6\u00f6ks algasid seal sel n\u00e4dalal.<\/p>\n<p>See Tartu \u00fcheks k\u00f5rgemaks hooneks kerkiv maja tuleb Kalda tee 26 krundile praeguste viiekorruseliste kortermajade vahele ja valmib 2027. aasta suve l\u00f5puks.<\/p>\n","protected":false},"excerpt":{"rendered":"Kinnisvaraettev\u00f5tted Dorpat Kinnisvara ja Vintselle on s\u00f5lminud Dorpat Ehitusega lepingu, et alustada Tartus Annelinnas 15-korruselise k\u00f5rghoone ehk Kalda&hellip;\n","protected":false},"author":2,"featured_media":63933,"comment_status":"","ping_status":"","sticky":false,"template":"","format":"standard","meta":{"footnotes":""},"categories":[12],"tags":[32371,32366,32368,26,27,32373,37,33,35,1644,9409,34,36,31,32,21,32372,32369,28,29,19,25,32367,249,23,24,22,20,30,32370],"class_list":{"0":"post-63932","1":"post","2":"type-post","3":"status-publish","4":"format-standard","5":"has-post-thumbnail","7":"category-eesti","8":"tag-15-korruseline-hoone","9":"tag-175-korterit","10":"tag-arhitektuurikonkurs","11":"tag-breaking-news","12":"tag-breakingnews","13":"tag-dorpat-kinnisvara","14":"tag-ee","15":"tag-eesti","16":"tag-eesti-keel","17":"tag-ehitus","18":"tag-erik-vares","19":"tag-estonia","20":"tag-estonian","21":"tag-featured-news","22":"tag-featurednews","23":"tag-headlines","24":"tag-kalda-tee-26","25":"tag-kristo-kivisalu","26":"tag-latest-news","27":"tag-latestnews","28":"tag-news","29":"tag-populaarseimad-lood","30":"tag-rene-manniste","31":"tag-tartu","32":"tag-top-stories","33":"tag-topstories","34":"tag-uldised-uudised","35":"tag-uudised","36":"tag-viimased-uudised","37":"tag-vintselle"},"share_on_mastodon":{"url":"https:\/\/pubeurope.com\/@ee\/115714161614932757","error":""},"_links":{"self":[{"href":"https:\/\/www.europesays.com\/ee\/wp-json\/wp\/v2\/posts\/63932","targetHints":{"allow":["GET"]}}],"collection":[{"href":"https:\/\/www.europesays.com\/ee\/wp-json\/wp\/v2\/posts"}],"about":[{"href":"https:\/\/www.europesays.com\/ee\/wp-json\/wp\/v2\/types\/post"}],"author":[{"embeddable":true,"href":"https:\/\/www.europesays.com\/ee\/wp-json\/wp\/v2\/users\/2"}],"replies":[{"embeddable":true,"href":"https:\/\/www.europesays.com\/ee\/wp-json\/wp\/v2\/comments?post=63932"}],"version-history":[{"count":0,"href":"https:\/\/www.europesays.com\/ee\/wp-json\/wp\/v2\/posts\/63932\/revisions"}],"wp:featuredmedia":[{"embeddable":true,"href":"https:\/\/www.europesays.com\/ee\/wp-json\/wp\/v2\/media\/63933"}],"wp:attachment":[{"href":"https:\/\/www.europesays.com\/ee\/wp-json\/wp\/v2\/media?parent=63932"}],"wp:term":[{"taxonomy":"category","embeddable":true,"href":"https:\/\/www.europesays.com\/ee\/wp-json\/wp\/v2\/categories?post=63932"},{"taxonomy":"post_tag","embeddable":true,"href":"https:\/\/www.europesays.com\/ee\/wp-json\/wp\/v2\/tags?post=63932"}],"curies":[{"name":"wp","href":"https:\/\/api.w.org\/{rel}","templated":true}]}}