{"id":63934,"date":"2025-12-13T20:33:13","date_gmt":"2025-12-13T20:33:13","guid":{"rendered":"https:\/\/www.europesays.com\/ee\/63934\/"},"modified":"2025-12-13T20:33:13","modified_gmt":"2025-12-13T20:33:13","slug":"kalev-cramo-kaotas-teisel-lisaajal-ogrele-transcom-parnu-andis-vef-ile-lahingu","status":"publish","type":"post","link":"https:\/\/www.europesays.com\/ee\/63934\/","title":{"rendered":"Kalev\/Cramo kaotas teisel lisaajal Ogrele, Transcom P\u00e4rnu andis VEF-ile lahingu"},"content":{"rendered":"<p>Esimese veerandaja v\u00f5itis Kalev\/Cramo 36:17 ning teise 26:23 ehk teisele poolajale l\u00e4ks Eesti klubi vastu 12-punktilises eduseisus. Tagasituleku tegi Ogre kolmandal veerandil, mille nad v\u00f5itsid 23:14. Viimasel veerandil sai punkti rohkem kodumeeskond ning normaalaeg l\u00f5ppes seisuga 82:82. <\/p>\n<p>Esimese lisaaja viimasele r\u00fcnnakule l\u00e4ks Kalev\/Cramo vastu kahepunktilises kaotusseisus. Kuus sekundit enne lisaaja l\u00f5ppu t\u00f5i korvi alt vajalikud kaks punkti Kalev\/Cramole Severi Kaukiainen. Kaks minutit enne teise lisaaja l\u00f5ppu \u00f5nnestus Ogre meeskonnal tabada kaks j\u00e4rjestikkust kaugviset, mis viis nad \u00fcheksa punktiga juhtima. Seda vahet kalevlased tagasi teha ei suutnud ning pidid tunnistama vastaste 101:111 paremust.<\/p>\n<p>Kalev\/Cramo poolt said kahekohalise punktisumma t\u00e4is k\u00f5ik algviisiku mehed: Anrijs Mi\u0161ka (21), Kaukiainen (18), Kregor Hermet (17), Hugo Toom (17) ja M\u00e4rt Rosenthal (13). BK Ogre poolt viskas enim Karlis Apsitis, kes sai kirja 26 silma. <\/p>\n<p>Kuue v\u00f5idu k\u00f5rvale oli see Kalev\/Cramo jaoks hooaja viies kaotus, millega hoitakse turniiritabelis seitsmendat kohta. BK Ogre on kuue v\u00f5idu ja kaheksa kaotusega kaheksas.<\/p>\n<p><a rel=\"noopener nofollow\" target=\"_blank\" href=\"https:\/\/www.delfi.ee\/teema\/96871776\/transcom-parnu\" tag-id=\"96871776\">Transcom P\u00e4rnu<\/a> alustas m\u00e4ngu Riia VEF-i h\u00e4sti ning v\u00f5itis avaveerandi 24:16 ning l\u00e4ksid poolajapausile seitsmepunktilises eduseisus (46:39). Sarnaselt Kalevi meeskonnale tuli kolmandal veerandil m\u00f5\u00f5n, mis kaotati 29:14. Viimasel veerandil tuldi paar korda veel ohtlikult VEF-ile l\u00e4hedale, kuid l\u00f5puks pidi P\u00e4rnu v\u00f5tma vastu 80:90 kaotuse.<\/p>\n<p>P\u00e4rnu hoiab liigatabelis kolme v\u00f5idu ja seitsme kaotusega \u00fcheksandat kohta. Riia VEF on 12 v\u00f5idu ja \u00fche kaotusega teisel kohal. <\/p>\n<p>Kuidas see lugu Sind end tundma pani? Saada <a href=\"https:\/\/sport.delfi.ee\/artikkel\/120423448\/kalevcramo-kaotas-teisel-lisaajal-ogrele-transcom-parnu-andis-vef-ile-lahingu\/kommentaarid\" class=\"article-body-bottom__comment article-body-bottom__comment--write button button--primary button--size-auto\" rel=\"nofollow noopener\" target=\"_blank\"> Kommenteeri <\/a><a href=\"https:\/\/sport.delfi.ee\/artikkel\/120423448\/kalevcramo-kaotas-teisel-lisaajal-ogrele-transcom-parnu-andis-vef-ile-lahingu\/kommentaarid\" class=\"article-body-bottom__comment article-body-bottom__comment--read button button--size-auto\" rel=\"nofollow noopener\" target=\"_blank\"> Loe kommentaare (13)<\/a><\/p>\n","protected":false},"excerpt":{"rendered":"Esimese veerandaja v\u00f5itis Kalev\/Cramo 36:17 ning teise 26:23 ehk teisele poolajale l\u00e4ks Eesti klubi vastu 12-punktilises eduseisus. Tagasituleku&hellip;\n","protected":false},"author":2,"featured_media":63935,"comment_status":"","ping_status":"","sticky":false,"template":"","format":"standard","meta":{"footnotes":""},"categories":[5],"tags":[26,27,37,33,35,34,36,31,32,21,1759,28,29,19,25,23,24,3511,22,20,30],"class_list":{"0":"post-63934","1":"post","2":"type-post","3":"status-publish","4":"format-standard","5":"has-post-thumbnail","7":"category-uldised-uudised","8":"tag-breaking-news","9":"tag-breakingnews","10":"tag-ee","11":"tag-eesti","12":"tag-eesti-keel","13":"tag-estonia","14":"tag-estonian","15":"tag-featured-news","16":"tag-featurednews","17":"tag-headlines","18":"tag-kalev-cramo","19":"tag-latest-news","20":"tag-latestnews","21":"tag-news","22":"tag-populaarseimad-lood","23":"tag-top-stories","24":"tag-topstories","25":"tag-transcom-parnu","26":"tag-uldised-uudised","27":"tag-uudised","28":"tag-viimased-uudised"},"share_on_mastodon":{"url":"https:\/\/pubeurope.com\/@ee\/115714169431396179","error":""},"_links":{"self":[{"href":"https:\/\/www.europesays.com\/ee\/wp-json\/wp\/v2\/posts\/63934","targetHints":{"allow":["GET"]}}],"collection":[{"href":"https:\/\/www.europesays.com\/ee\/wp-json\/wp\/v2\/posts"}],"about":[{"href":"https:\/\/www.europesays.com\/ee\/wp-json\/wp\/v2\/types\/post"}],"author":[{"embeddable":true,"href":"https:\/\/www.europesays.com\/ee\/wp-json\/wp\/v2\/users\/2"}],"replies":[{"embeddable":true,"href":"https:\/\/www.europesays.com\/ee\/wp-json\/wp\/v2\/comments?post=63934"}],"version-history":[{"count":0,"href":"https:\/\/www.europesays.com\/ee\/wp-json\/wp\/v2\/posts\/63934\/revisions"}],"wp:featuredmedia":[{"embeddable":true,"href":"https:\/\/www.europesays.com\/ee\/wp-json\/wp\/v2\/media\/63935"}],"wp:attachment":[{"href":"https:\/\/www.europesays.com\/ee\/wp-json\/wp\/v2\/media?parent=63934"}],"wp:term":[{"taxonomy":"category","embeddable":true,"href":"https:\/\/www.europesays.com\/ee\/wp-json\/wp\/v2\/categories?post=63934"},{"taxonomy":"post_tag","embeddable":true,"href":"https:\/\/www.europesays.com\/ee\/wp-json\/wp\/v2\/tags?post=63934"}],"curies":[{"name":"wp","href":"https:\/\/api.w.org\/{rel}","templated":true}]}}