{"id":63936,"date":"2025-12-13T20:41:10","date_gmt":"2025-12-13T20:41:10","guid":{"rendered":"https:\/\/www.europesays.com\/ee\/63936\/"},"modified":"2025-12-13T20:41:10","modified_gmt":"2025-12-13T20:41:10","slug":"spordipealinna-projektijuht-kusiti-kas-suudate-pariselt-selle-ara-teha-varia","status":"publish","type":"post","link":"https:\/\/www.europesays.com\/ee\/63936\/","title":{"rendered":"Spordipealinna projektijuht: k\u00fcsiti, kas suudate p\u00e4riselt selle \u00e4ra teha | Varia"},"content":{"rendered":"<p>Tallinna aasta Euroopa spordipealinnana on l\u00f5ppemas. Korraldajate s\u00f5nul \u00f5nnestus viia sporti tuhandete tallinlaste ja k\u00fclalisteni ning spordipealinna aasta vilju nauditakse loodetavasti ka tulevikus.<\/p>\n<p>Tallinna spordipealinna aasta pakkus rohkelt spordi\u00fcritusi nii tippsportlastele kui harrastajatele, samuti neilegi, kes seni spordist suurt ei huvitunud.<\/p>\n<p>&#8220;M\u00e4letan, kui esimest korda linnajuhtidele n\u00e4itasime oma plaane, siis meilt k\u00fcsiti, kas te p\u00e4riselt suudate selle k\u00f5ik \u00e4ra teha. Praegu ma saan \u00f6elda, et kogu see programm \u00f5nnestus ilusti \u00e4ra teha ja oli ka lisas\u00fcndmusi, mida algselt ei olnud planeeritud,&#8221; \u00fctles spordipealinna projektijuht Robert Peets ERR-ile.<\/p>\n<p>Spordipealinna aasta jaotus 12 teemakuuks, mis tutvustas inimestele tasuta erinevaid spordialasid ja v\u00f5imalusi nende harrastamiseks. &#8220;Matkakuu oli \u00e4\u00e4rmiselt populaarne. See oli s\u00fcndmus, millel teavituskampaania j\u00e4tsime viimasel hetkel \u00e4ra, sest sinna planeeritud 1000 kohta oli t\u00e4is registreeritud enne kui teavituskampaania pihta pidi hakkama. Ja siis kindlasti k\u00f5ige suurem s\u00fcndmus, mis me korraldasime &#8211; rahvusvahelised laste m\u00e4ngud,&#8221; r\u00e4\u00e4kis Peets.<\/p>\n<p>Spordipealinna p\u00f5hiprogrammi treeningutest ja v\u00e4ljakutsetest v\u00f5ttis osa \u00fcle 30 000 inimese, pealtvaatajana sai nendest s\u00fcndmustest osa 21 000 inimest. Aasta p\u00e4randina j\u00e4\u00e4b kindlasti maha 20 orienteerumisrada Tallinna parkides.<\/p>\n<p>&#8220;Kui v\u00f5tame spordipealinna korraldatud \u00fcle 150 s\u00fcndmuse, mis olid rohkearvulised, siis Tallinnas toimuvad traditsioonilised spordis\u00fcndmused, mis k\u00f5ik l\u00f5id osalejate rekordeid,&#8221; \u00fctles Peets. &#8220;Tegelikult oli aasta harukordne ka selles v\u00f5tmes, et meil ei ole varem toimunud nii palju erinevaid tiitliv\u00f5istlusi erinevatel spordialadel.&#8221;<\/p>\n","protected":false},"excerpt":{"rendered":"Tallinna aasta Euroopa spordipealinnana on l\u00f5ppemas. Korraldajate s\u00f5nul \u00f5nnestus viia sporti tuhandete tallinlaste ja k\u00fclalisteni ning spordipealinna aasta&hellip;\n","protected":false},"author":2,"featured_media":63937,"comment_status":"","ping_status":"","sticky":false,"template":"","format":"standard","meta":{"footnotes":""},"categories":[18],"tags":[37,33,35,34,36,32374,32375,159,158],"class_list":{"0":"post-63936","1":"post","2":"type-post","3":"status-publish","4":"format-standard","5":"has-post-thumbnail","7":"category-sport","8":"tag-ee","9":"tag-eesti","10":"tag-eesti-keel","11":"tag-estonia","12":"tag-estonian","13":"tag-robert-peets","14":"tag-spordipealinn","15":"tag-sport","16":"tag-sports"},"share_on_mastodon":{"url":"https:\/\/pubeurope.com\/@ee\/115714200872624110","error":""},"_links":{"self":[{"href":"https:\/\/www.europesays.com\/ee\/wp-json\/wp\/v2\/posts\/63936","targetHints":{"allow":["GET"]}}],"collection":[{"href":"https:\/\/www.europesays.com\/ee\/wp-json\/wp\/v2\/posts"}],"about":[{"href":"https:\/\/www.europesays.com\/ee\/wp-json\/wp\/v2\/types\/post"}],"author":[{"embeddable":true,"href":"https:\/\/www.europesays.com\/ee\/wp-json\/wp\/v2\/users\/2"}],"replies":[{"embeddable":true,"href":"https:\/\/www.europesays.com\/ee\/wp-json\/wp\/v2\/comments?post=63936"}],"version-history":[{"count":0,"href":"https:\/\/www.europesays.com\/ee\/wp-json\/wp\/v2\/posts\/63936\/revisions"}],"wp:featuredmedia":[{"embeddable":true,"href":"https:\/\/www.europesays.com\/ee\/wp-json\/wp\/v2\/media\/63937"}],"wp:attachment":[{"href":"https:\/\/www.europesays.com\/ee\/wp-json\/wp\/v2\/media?parent=63936"}],"wp:term":[{"taxonomy":"category","embeddable":true,"href":"https:\/\/www.europesays.com\/ee\/wp-json\/wp\/v2\/categories?post=63936"},{"taxonomy":"post_tag","embeddable":true,"href":"https:\/\/www.europesays.com\/ee\/wp-json\/wp\/v2\/tags?post=63936"}],"curies":[{"name":"wp","href":"https:\/\/api.w.org\/{rel}","templated":true}]}}