{"id":63940,"date":"2025-12-13T20:44:11","date_gmt":"2025-12-13T20:44:11","guid":{"rendered":"https:\/\/www.europesays.com\/ee\/63940\/"},"modified":"2025-12-13T20:44:11","modified_gmt":"2025-12-13T20:44:11","slug":"lapsele-otsa-soitnud-auto-lahkus-sundmuskohalt","status":"publish","type":"post","link":"https:\/\/www.europesays.com\/ee\/63940\/","title":{"rendered":"lapsele otsa s\u00f5itnud auto lahkus s\u00fcndmuskohalt"},"content":{"rendered":"<p><img decoding=\"async\" class=\"figure__image\" onclick=\"triggerEvent('articleImageClick', { id: 17339211, focus: 'single-image', focusIndex: '17339211' })\" onkeydown=\"if (event.key === 'Enter') {&#10;        triggerEvent('articleImageClick', { id: 17339211, focus: 'single-image', focusIndex: '17339211' })&#10;        }\" role=\"button\" tabindex=\"0\" data-focus-from=\"single-image\" data-focus-index=\"17339211\" src=\"https:\/\/www.europesays.com\/ee\/wp-content\/uploads\/2025\/12\/17339211t1h655c.jpg\"  onload=\"this.parentElement.classList.remove('figure__image-loading')\" alt=\"Lapsele s\u00f5ideti otsa Ropkam\u00f5isa bussipeatuse l\u00e4hedal asuval \u00fclek\u00e4igurajal.\"\/>Lapsele s\u00f5ideti otsa Ropkam\u00f5isa bussipeatuse l\u00e4hedal asuval \u00fclek\u00e4igurajal. Foto: Google Maps<\/p>\n<p>\u00ab\u00c4ra s\u00f5itmine ei ole k\u00fcll kuidagi inimlik k\u00e4itumine\u00bb<\/p>\n<p>K\u00f5nealuse sotsiaalmeediapostituse all k\u00e4ib arutelu, kus v\u00e4ljendatakse meelepaha s\u00fcndmuskohalt lahkunud autojuhi osas.<\/p>\n<p>\u00abIsegi kui laps ise hooletu oli, miski ei \u00f5igusta minema s\u00f5itmist. Milline normaalne inimene ajab lapse alla ja m\u00f5tleb, et savi, panen edasi?\u00bb k\u00fcsib \u00fcks.<\/p>\n<p>\u00abLapsed on lapsed \u2212 neilt ei saa eeldada sama suutlikkust olukorda hinnata kui t\u00e4iskasvanult. On teaduslikult tuvastatud, et kuni teismeeani ei suuda lapsed \u00f5igesti hinnata ka autode kaugust,\u00bb lisab teine.<\/p>\n<p>\u00abLapsed on vahel korralikud tuulepead, aga siinkohal, kui juhtub \u00f5nnetus, mida peaks tegema autojuht? \u00c4ra s\u00f5itmine ei ole k\u00fcll kuidagi inimlik k\u00e4itumine, ei looma, t\u00e4iskasvanu ega lapse puhul. Kuhu on inimestel kadunud empaatiav\u00f5ime?\u00bb k\u00fcsib kolmas.<\/p>\n<p>\u00abHoolas oleks pidanud olema autojuht, kellele selgelt on n\u00e4ha \u00fclek\u00e4iguraja liiklusm\u00e4rk, nii valges kui ka pimedas,\u00bb \u00fctleb neljas.<\/p>\n<p>\u00abSelline k\u00e4itumine on autojuhi poolt v\u00e4ga julm ja teda tuleks karistada, aga kallid jalgsi liiklejad, palun pange endale helkurid k\u00fclge. Kahjuks on nii palju tumedates riietes jalak\u00e4ijaid ja mina autojuhina ei n\u00e4e teid tihti, sest vastu tulev auto pimestab mind. Ma v\u00e4ga loodan, et leitakse juht, kes lapsele otsa s\u00f5itis.\u00bb<\/p>\n","protected":false},"excerpt":{"rendered":"Lapsele s\u00f5ideti otsa Ropkam\u00f5isa bussipeatuse l\u00e4hedal asuval \u00fclek\u00e4igurajal. Foto: Google Maps \u00ab\u00c4ra s\u00f5itmine ei ole k\u00fcll kuidagi inimlik&hellip;\n","protected":false},"author":2,"featured_media":63941,"comment_status":"","ping_status":"","sticky":false,"template":"","format":"standard","meta":{"footnotes":""},"categories":[12],"tags":[26,27,37,33,35,137,152,153,151,34,36,31,32,148,21,154,142,28,29,143,140,144,19,141,146,25,147,145,138,150,155,139,23,24,22,20,149,30],"class_list":{"0":"post-63940","1":"post","2":"type-post","3":"status-publish","4":"format-standard","5":"has-post-thumbnail","7":"category-eesti","8":"tag-breaking-news","9":"tag-breakingnews","10":"tag-ee","11":"tag-eesti","12":"tag-eesti-keel","13":"tag-elu","14":"tag-elu-24","15":"tag-elu24-ee","16":"tag-erna-husko","17":"tag-estonia","18":"tag-estonian","19":"tag-featured-news","20":"tag-featurednews","21":"tag-foto","22":"tag-headlines","23":"tag-koroonaviirus","24":"tag-kuulsus","25":"tag-latest-news","26":"tag-latestnews","27":"tag-live","28":"tag-meelelahutus","29":"tag-muusika","30":"tag-news","31":"tag-pidu","32":"tag-pommuudis","33":"tag-populaarseimad-lood","34":"tag-reality","35":"tag-saade","36":"tag-saagim","37":"tag-seks","38":"tag-silvia-ilves","39":"tag-staar","40":"tag-top-stories","41":"tag-topstories","42":"tag-uldised-uudised","43":"tag-uudised","44":"tag-video","45":"tag-viimased-uudised"},"share_on_mastodon":{"url":"https:\/\/pubeurope.com\/@ee\/115714213032163649","error":""},"_links":{"self":[{"href":"https:\/\/www.europesays.com\/ee\/wp-json\/wp\/v2\/posts\/63940","targetHints":{"allow":["GET"]}}],"collection":[{"href":"https:\/\/www.europesays.com\/ee\/wp-json\/wp\/v2\/posts"}],"about":[{"href":"https:\/\/www.europesays.com\/ee\/wp-json\/wp\/v2\/types\/post"}],"author":[{"embeddable":true,"href":"https:\/\/www.europesays.com\/ee\/wp-json\/wp\/v2\/users\/2"}],"replies":[{"embeddable":true,"href":"https:\/\/www.europesays.com\/ee\/wp-json\/wp\/v2\/comments?post=63940"}],"version-history":[{"count":0,"href":"https:\/\/www.europesays.com\/ee\/wp-json\/wp\/v2\/posts\/63940\/revisions"}],"wp:featuredmedia":[{"embeddable":true,"href":"https:\/\/www.europesays.com\/ee\/wp-json\/wp\/v2\/media\/63941"}],"wp:attachment":[{"href":"https:\/\/www.europesays.com\/ee\/wp-json\/wp\/v2\/media?parent=63940"}],"wp:term":[{"taxonomy":"category","embeddable":true,"href":"https:\/\/www.europesays.com\/ee\/wp-json\/wp\/v2\/categories?post=63940"},{"taxonomy":"post_tag","embeddable":true,"href":"https:\/\/www.europesays.com\/ee\/wp-json\/wp\/v2\/tags?post=63940"}],"curies":[{"name":"wp","href":"https:\/\/api.w.org\/{rel}","templated":true}]}}