{"id":63946,"date":"2025-12-13T20:55:34","date_gmt":"2025-12-13T20:55:34","guid":{"rendered":"https:\/\/www.europesays.com\/ee\/63946\/"},"modified":"2025-12-13T20:55:34","modified_gmt":"2025-12-13T20:55:34","slug":"viru-nigula-vallavanema-palka-tosteti-275-euro-vorra","status":"publish","type":"post","link":"https:\/\/www.europesays.com\/ee\/63946\/","title":{"rendered":"Viru-Nigula vallavanema palka t\u00f5steti 275 euro v\u00f5rra"},"content":{"rendered":"<p>Ando K\u00e4llo Isamaa nimekirjast tegi ettepaneku m\u00e4\u00e4rata vallavanema t\u00f6\u00f6tasuks 3900 eurot, millele lisanduks h\u00fcvitis isikliku s\u00f5iduauto kasutamise eest t\u00f6\u00f6\u00fclesannete t\u00e4itmisel 0,5 eurot kilomeetri kohta, kuid mitte rohkem kui 550 eurot kalendrikuus. H\u00fcvitise maksmise aluseks oleks isikliku s\u00f5iduauto kasutamise kohta peetav s\u00f5idup\u00e4evik.<\/p>\n<p>K\u00e4llo p\u00f5hjendas palgat\u00f5usu asjaoluga, et vallavanema t\u00f6\u00f6tasu on p\u00fcsinud samal tasemel juba aastaid. Meelis Einstein Isamaa nimekirjast toetas K\u00e4llo seisukohta argumendiga, et Viru-Nigula vallavanem peaks teenima enam-v\u00e4hem sama palju kui naabervaldade juhid.<\/p>\n","protected":false},"excerpt":{"rendered":"Ando K\u00e4llo Isamaa nimekirjast tegi ettepaneku m\u00e4\u00e4rata vallavanema t\u00f6\u00f6tasuks 3900 eurot, millele lisanduks h\u00fcvitis isikliku s\u00f5iduauto kasutamise eest&hellip;\n","protected":false},"author":2,"featured_media":63947,"comment_status":"","ping_status":"","sticky":false,"template":"","format":"standard","meta":{"footnotes":""},"categories":[12],"tags":[32381,26,27,37,33,35,32380,34,36,31,32,32376,21,28,29,32377,32379,19,25,23,24,22,20,30,7175,32378],"class_list":{"0":"post-63946","1":"post","2":"type-post","3":"status-publish","4":"format-standard","5":"has-post-thumbnail","7":"category-eesti","8":"tag-ando-kallo","9":"tag-breaking-news","10":"tag-breakingnews","11":"tag-ee","12":"tag-eesti","13":"tag-eesti-keel","14":"tag-einar-vallbaum","15":"tag-estonia","16":"tag-estonian","17":"tag-featured-news","18":"tag-featurednews","19":"tag-gaido-kentem","20":"tag-headlines","21":"tag-latest-news","22":"tag-latestnews","23":"tag-lembit-talli","24":"tag-meelis-einstein","25":"tag-news","26":"tag-populaarseimad-lood","27":"tag-top-stories","28":"tag-topstories","29":"tag-uldised-uudised","30":"tag-uudised","31":"tag-viimased-uudised","32":"tag-viru-nigula","33":"tag-viru-nigula-vallavolikogu"},"share_on_mastodon":{"url":"https:\/\/pubeurope.com\/@ee\/115714256078945470","error":""},"_links":{"self":[{"href":"https:\/\/www.europesays.com\/ee\/wp-json\/wp\/v2\/posts\/63946","targetHints":{"allow":["GET"]}}],"collection":[{"href":"https:\/\/www.europesays.com\/ee\/wp-json\/wp\/v2\/posts"}],"about":[{"href":"https:\/\/www.europesays.com\/ee\/wp-json\/wp\/v2\/types\/post"}],"author":[{"embeddable":true,"href":"https:\/\/www.europesays.com\/ee\/wp-json\/wp\/v2\/users\/2"}],"replies":[{"embeddable":true,"href":"https:\/\/www.europesays.com\/ee\/wp-json\/wp\/v2\/comments?post=63946"}],"version-history":[{"count":0,"href":"https:\/\/www.europesays.com\/ee\/wp-json\/wp\/v2\/posts\/63946\/revisions"}],"wp:featuredmedia":[{"embeddable":true,"href":"https:\/\/www.europesays.com\/ee\/wp-json\/wp\/v2\/media\/63947"}],"wp:attachment":[{"href":"https:\/\/www.europesays.com\/ee\/wp-json\/wp\/v2\/media?parent=63946"}],"wp:term":[{"taxonomy":"category","embeddable":true,"href":"https:\/\/www.europesays.com\/ee\/wp-json\/wp\/v2\/categories?post=63946"},{"taxonomy":"post_tag","embeddable":true,"href":"https:\/\/www.europesays.com\/ee\/wp-json\/wp\/v2\/tags?post=63946"}],"curies":[{"name":"wp","href":"https:\/\/api.w.org\/{rel}","templated":true}]}}