{"id":63950,"date":"2025-12-13T21:03:07","date_gmt":"2025-12-13T21:03:07","guid":{"rendered":"https:\/\/www.europesays.com\/ee\/63950\/"},"modified":"2025-12-13T21:03:07","modified_gmt":"2025-12-13T21:03:07","slug":"kullamae-koduklubi-vottis-magusa-skalbi-suurorg-on-mangus-tagasi","status":"publish","type":"post","link":"https:\/\/www.europesays.com\/ee\/63950\/","title":{"rendered":"Kullam\u00e4e koduklubi v\u00f5ttis magusa skalbi, Suurorg on m\u00e4ngus tagasi"},"content":{"rendered":"<p>Kristian Kullam\u00e4e t\u00f6\u00f6andja Paneve\u017eyse Lietkabelis on sel hooajal esinenud v\u00e4ga ebastabiilselt. Saadud on ilusaid v\u00f5ite tugevate meeskondade \u00fcle, samas kaotatud keskmikele v\u00f5i n\u00f5rgematele. Erandiks polnud laup\u00e4ev, mil Leedu liigas alistati Vilniuses sealne Rytas 84:73!<\/p>\n<p>Lietkabelis haaras initsiatiivi algusest peale ja hoidis seda l\u00f5puni. Esimene veerandaeg v\u00f5ideti 20:17 ning iga j\u00e4rgmise perioodiga suurendati edu m\u00f5nev\u00f5rra.<\/p>\n","protected":false},"excerpt":{"rendered":"Kristian Kullam\u00e4e t\u00f6\u00f6andja Paneve\u017eyse Lietkabelis on sel hooajal esinenud v\u00e4ga ebastabiilselt. Saadud on ilusaid v\u00f5ite tugevate meeskondade \u00fcle,&hellip;\n","protected":false},"author":2,"featured_media":63951,"comment_status":"","ping_status":"","sticky":false,"template":"","format":"standard","meta":{"footnotes":""},"categories":[18],"tags":[37,33,35,34,36,32384,5132,847,32382,32383,1961,17311,5474,5549,159,158],"class_list":{"0":"post-63950","1":"post","2":"type-post","3":"status-publish","4":"format-standard","5":"has-post-thumbnail","7":"category-sport","8":"tag-ee","9":"tag-eesti","10":"tag-eesti-keel","11":"tag-estonia","12":"tag-estonian","13":"tag-fardaws-aimaq","14":"tag-kasper-suurorg","15":"tag-kristian-kullamae","16":"tag-lublini-start","17":"tag-mikolaj-witlinski","18":"tag-panevezyse-lietkabelis","19":"tag-paul-scruggs","20":"tag-rytas","21":"tag-sopoti-trefl","22":"tag-sport","23":"tag-sports"},"share_on_mastodon":{"url":"https:\/\/pubeurope.com\/@ee\/115714287410949609","error":""},"_links":{"self":[{"href":"https:\/\/www.europesays.com\/ee\/wp-json\/wp\/v2\/posts\/63950","targetHints":{"allow":["GET"]}}],"collection":[{"href":"https:\/\/www.europesays.com\/ee\/wp-json\/wp\/v2\/posts"}],"about":[{"href":"https:\/\/www.europesays.com\/ee\/wp-json\/wp\/v2\/types\/post"}],"author":[{"embeddable":true,"href":"https:\/\/www.europesays.com\/ee\/wp-json\/wp\/v2\/users\/2"}],"replies":[{"embeddable":true,"href":"https:\/\/www.europesays.com\/ee\/wp-json\/wp\/v2\/comments?post=63950"}],"version-history":[{"count":0,"href":"https:\/\/www.europesays.com\/ee\/wp-json\/wp\/v2\/posts\/63950\/revisions"}],"wp:featuredmedia":[{"embeddable":true,"href":"https:\/\/www.europesays.com\/ee\/wp-json\/wp\/v2\/media\/63951"}],"wp:attachment":[{"href":"https:\/\/www.europesays.com\/ee\/wp-json\/wp\/v2\/media?parent=63950"}],"wp:term":[{"taxonomy":"category","embeddable":true,"href":"https:\/\/www.europesays.com\/ee\/wp-json\/wp\/v2\/categories?post=63950"},{"taxonomy":"post_tag","embeddable":true,"href":"https:\/\/www.europesays.com\/ee\/wp-json\/wp\/v2\/tags?post=63950"}],"curies":[{"name":"wp","href":"https:\/\/api.w.org\/{rel}","templated":true}]}}