{"id":63957,"date":"2025-12-13T21:18:11","date_gmt":"2025-12-13T21:18:11","guid":{"rendered":"https:\/\/www.europesays.com\/ee\/63957\/"},"modified":"2025-12-13T21:18:11","modified_gmt":"2025-12-13T21:18:11","slug":"mets-ja-st-pauli-said-raske-aga-seda-tahtsama-voidu","status":"publish","type":"post","link":"https:\/\/www.europesays.com\/ee\/63957\/","title":{"rendered":"Mets ja St. Pauli said raske, aga seda t\u00e4htsama v\u00f5idu"},"content":{"rendered":"<p>Heidenheimi n\u00e4ol on tegemist otsese konkurendiga v\u00f5itluses Bundesliga&#8217;sse p\u00fcsima j\u00e4\u00e4mise eest. V\u00f5it viis St. Pauli konkurendiga samale pulgale (m\u00f5lemal on 11 punkti), kuid v\u00e4ravate vahega edestatakse toda.<\/p>\n<p>V\u00f5\u00f5rustajatel l\u00e4ks 45 minutit k\u00f5ik h\u00e4sti, k\u00fcmme minutit enne poolajavilet asuti Martijn Kaarsi v\u00e4ravast juhtima. Ent avapoolaja lisaminutil lasi keskkaitsja Eric Smith jooksu Heidenheimi r\u00fcndaja Marvin Pieringeri, t\u00f5mbas tolle \u00f5last pikali ning sai selge v\u00e4ravav\u00f5imaluse r\u00f6\u00f6vimise eest punase kaardi.<\/p>\n","protected":false},"excerpt":{"rendered":"Heidenheimi n\u00e4ol on tegemist otsese konkurendiga v\u00f5itluses Bundesliga&#8217;sse p\u00fcsima j\u00e4\u00e4mise eest. V\u00f5it viis St. Pauli konkurendiga samale pulgale&hellip;\n","protected":false},"author":2,"featured_media":63958,"comment_status":"","ping_status":"","sticky":false,"template":"","format":"standard","meta":{"footnotes":""},"categories":[5],"tags":[26,27,526,527,37,33,35,32385,34,36,31,32,21,531,536,28,29,32387,32386,19,25,1002,1003,23,24,22,20,30],"class_list":{"0":"post-63957","1":"post","2":"type-post","3":"status-publish","4":"format-standard","5":"has-post-thumbnail","7":"category-uldised-uudised","8":"tag-breaking-news","9":"tag-breakingnews","10":"tag-bremeni-werder","11":"tag-bundesliga","12":"tag-ee","13":"tag-eesti","14":"tag-eesti-keel","15":"tag-eric-smith","16":"tag-estonia","17":"tag-estonian","18":"tag-featured-news","19":"tag-featurednews","20":"tag-headlines","21":"tag-heidenheim","22":"tag-karl-jakob-hein","23":"tag-latest-news","24":"tag-latestnews","25":"tag-martijn-kaars","26":"tag-marvin-pieringer","27":"tag-news","28":"tag-populaarseimad-lood","29":"tag-st-pauli","30":"tag-stuttgart","31":"tag-top-stories","32":"tag-topstories","33":"tag-uldised-uudised","34":"tag-uudised","35":"tag-viimased-uudised"},"share_on_mastodon":{"url":"https:\/\/pubeurope.com\/@ee\/115714346359734385","error":""},"_links":{"self":[{"href":"https:\/\/www.europesays.com\/ee\/wp-json\/wp\/v2\/posts\/63957","targetHints":{"allow":["GET"]}}],"collection":[{"href":"https:\/\/www.europesays.com\/ee\/wp-json\/wp\/v2\/posts"}],"about":[{"href":"https:\/\/www.europesays.com\/ee\/wp-json\/wp\/v2\/types\/post"}],"author":[{"embeddable":true,"href":"https:\/\/www.europesays.com\/ee\/wp-json\/wp\/v2\/users\/2"}],"replies":[{"embeddable":true,"href":"https:\/\/www.europesays.com\/ee\/wp-json\/wp\/v2\/comments?post=63957"}],"version-history":[{"count":0,"href":"https:\/\/www.europesays.com\/ee\/wp-json\/wp\/v2\/posts\/63957\/revisions"}],"wp:featuredmedia":[{"embeddable":true,"href":"https:\/\/www.europesays.com\/ee\/wp-json\/wp\/v2\/media\/63958"}],"wp:attachment":[{"href":"https:\/\/www.europesays.com\/ee\/wp-json\/wp\/v2\/media?parent=63957"}],"wp:term":[{"taxonomy":"category","embeddable":true,"href":"https:\/\/www.europesays.com\/ee\/wp-json\/wp\/v2\/categories?post=63957"},{"taxonomy":"post_tag","embeddable":true,"href":"https:\/\/www.europesays.com\/ee\/wp-json\/wp\/v2\/tags?post=63957"}],"curies":[{"name":"wp","href":"https:\/\/api.w.org\/{rel}","templated":true}]}}