{"id":63959,"date":"2025-12-13T21:25:11","date_gmt":"2025-12-13T21:25:11","guid":{"rendered":"https:\/\/www.europesays.com\/ee\/63959\/"},"modified":"2025-12-13T21:25:11","modified_gmt":"2025-12-13T21:25:11","slug":"itaalias-uhe-trenni-pealt-debuudi-teinud-palts-tundsin-et-tahaks-sellest-eesti-rutmist-valja-saada-soccernet-ee","status":"publish","type":"post","link":"https:\/\/www.europesays.com\/ee\/63959\/","title":{"rendered":"Itaalias \u00fche trenni pealt deb\u00fc\u00fcdi teinud Palts: tundsin, et tahaks sellest Eesti-r\u00fctmist v\u00e4lja saada &#8211; Soccernet.ee"},"content":{"rendered":"<p><img decoding=\"async\" src=\"https:\/\/www.europesays.com\/ee\/wp-content\/uploads\/2025\/12\/1744132161.jpg\" alt=\"Liselle Palts. Foto: Liisi Troska \/ jalgpall.ee\"\/>&#13;\n<\/p>\n<p>A-koondise poolkaitsja Liselle Palts s\u00f5lmis oma esimese v\u00e4lislepingu Serie C klubiga Catania FC. Kuigi kolm eestlannat h\u00f5igati v\u00e4lja \u00fchises teates, lisandus Palts kalkulatsiooni viimasena ning \u00fcsna ruttu.<\/p>\n<p>Palts v\u00f5itis l\u00f5ppenud hooajal Tallinna FC Floras k\u00f5ik kolm karikat. Lisaks koduklubis s\u00e4ramisele on ta t\u00f5usnud p\u00f5him\u00e4ngijaks ka A-koondises, kus ta on 13 m\u00e4nguga l\u00f6\u00f6nud \u00fche v\u00e4rava. Tema kaunis deb\u00fc\u00fctv\u00e4rav aitas Eestil v\u00f5tta Balti turniirilt pronksi. Veidi enam kui kuu p\u00e4rast seda liikus Palts oma esimesse v\u00e4lisklubisse.&#13;\n<\/p>\n<p>&#8220;Ma tundsin k\u00fcll, jah, et mul l\u00e4ks see hooaeg h\u00e4sti &#8211; kindlasti oleks saanud veel paremini &#8211; ja praegu oli see \u00f5ige samm tulla siia. V\u00f5tsin pakkumise suhteliselt kiiresti vastu, sest mingi hetk m\u00f5tlesin, et tahaks v\u00e4lja saada sellest r\u00fctmist, mis on Eestis. See k\u00f5ik tuli kuidagi \u00f5igel ajal,&#8221; alustas Palts intervjuus Soccernet.ee-le.&#13;\n<\/p>\n<p>Detsembri alguses 20. s\u00fcnnip\u00e4eva t\u00e4histanud poolkaitsja jaoks algas teekond l\u00e4bi agendi, kellega alustati koost\u00f6\u00f6d umbes novembri keskel. Peagi t\u00f5i ta lauale pakkumise Cataniasse. Paltsi s\u00f5nul teadis ta tol hetkel, et nii Mari Liis Lillem\u00e4el kui Kristina Teernil on ees sama paber. &#8220;Ma teadsin, et neil on see pakkumine, aga mulle tuli \u00fcllatusena, et ma ka selle sain. Aga kuidagi kolmekesi see arutlus ei k\u00e4inud,&#8221; selgitas ta.<\/p>\n<p>Siiski see, et Florast mindi samasse klubisse kolmekesi, on kahtlemata kaasa aidanud. &#8220;Kindlasti on kindlam tunne ja parem kohaneda. Koos on ikka toredam olla,&#8221; kinnitas Palts. Ta lisas, et 4. detsembril Sitsiiliasse j\u00f5udnud kolmik elab uut elu \u00fchises korteris. Lisaks Eestimaale j\u00e4id Paltsi jaoks praegu seljataha ka \u00fclikooli\u00f5pingud toidu ja biotehnoloogia valdkonnas.&#13;\n<\/p>\n<p>\u00dclikiire \u00fcleminek&#13;\n<\/p>\n<p>Palts kolis Itaaliasse p\u00f5him\u00f5tteliselt kohe p\u00e4rast siinse hooaja l\u00f5ppu. Kuna aga Serie C-s on hooaeg poole peal, teevad eestlannad j\u00e4rjest justkui 1,5 hooaega. Paltsi kinnitusel on staff sellest v\u00e4ga h\u00e4sti teadlik ning suhtub professionaalselt. &#8220;Nad reguleerivad meie hoormuseid h\u00e4sti &#8211; teeme n\u00e4iteks natuke v\u00e4hem kordusi,&#8221; s\u00f5nas ta.&#13;\n<\/p>\n<p><img decoding=\"async\" src=\"https:\/\/www.europesays.com\/ee\/wp-content\/uploads\/2025\/12\/1765019293.jpg\" alt=\"Eesti kolmik Itaalias. Foto: Catania FC\"\/>&#13;\n<\/p>\n<p>Siiski kohati on neid lennutatud p\u00e4ris otse vette: deb\u00fc\u00fctm\u00e4ng s\u00fcndis vaid \u00fche treeningu pealt. &#8220;See oli karikam\u00e4ng, mille l\u00f5pust 10-15 minutit saime. P\u00e4ris raske oli k\u00f5igest veel aru saada, sest meil oli sel hetkel all \u00fcks trenn ja meil on ka korralik keelebarj\u00e4\u00e4r. V\u00e4ga ei teadnud, mis me teeme, aga samas, kui jalgpalli m\u00e4ngida oskad, siis saad enam-v\u00e4hem ikka hakkama. M\u00e4ngijatega omavahel v\u00f5ib olla raske, aga kuidagi jalgpallikeeleliselt proovid m\u00f5ista,&#8221; kirjeldas Palts 3:1 v\u00f5iduga l\u00f5ppenud kaheksandikfinaalmat\u0161i.<\/p>\n<p>Seni ongi \u00fcht suurimat v\u00e4ljakutset pakkunud t\u00e4iesti itaaliakeelne keskkond. Teise erinevusena t\u00f5i ta v\u00e4lja jalgpalli. &#8220;M\u00e4ngustiil on erinev. Ma niimoodi t\u00e4pselt kirjeldada ei oska, aga lihtsalt on vaja harjuda. Me pole trenne ka veel v\u00e4ga palju teha j\u00f5udnud. Aga trennid on v\u00e4ga intensiivsed: kogu aeg on tempo peal ja harjutuste vahel ei ole mingit pikka pausi. See on p\u00e4ris suur erinevus, eriti veel ka, et see on hooaja keskel,&#8221; j\u00e4tkas esimese v\u00e4lislepingu teeninud keskv\u00e4ljam\u00e4ngija.&#13;\n<\/p>\n<p>Paltsi s\u00f5nul siiski midagi hullu ei ole, vaid vajab harjumist. &#8220;Keha jaoks on natuke raske, sest tuleme t\u00e4ishooaja pealt. Aga muidu on v\u00e4ga normaalne. Siin tehakse kaks korda n\u00e4dalas j\u00f5usaali ka, mis on tore. On tunda, et siin pannakse palju r\u00f5hku f\u00fc\u00fcsilisele poolele.&#8221;&#13;\n<\/p>\n<p>Pasta-pasta-pasta!&#13;\n<\/p>\n<p>Kuigi m\u00f5ne jaoks v\u00f5ib tunduda Itaalia tugevuselt kolmanda liiga klubi lahja, siis Paltsi s\u00f5nul on senine mulje olnud v\u00e4ga hea. &#8220;K\u00f5ik on toiminud kiiresti ja professionaalselt. Kohe, kui on mingeid probleeme olnud (n\u00e4iteks korteris on tulnud midagi pisut parandada &#8211; L. J.), siis klubi on kohe aidanud. Mingeid lahkarvamusi v\u00f5i midagi sellist tekkinud pole. Ka see piirkond on m\u00f5nus ja soe, inimesed on toredad,&#8221; kiitis ta.\u00a0&#13;\n<\/p>\n<p><img decoding=\"async\" src=\"https:\/\/www.europesays.com\/ee\/wp-content\/uploads\/2025\/12\/1765628612.jpg\" alt=\"Palts pole oma kindlat kohta keskv\u00e4ljal veel leidnud. Foto: Marleen M\u00e4lk\"\/>&#13;\n<\/p>\n<p>V\u00f5istkonnast ja selles valitsevast konkurentsist pole Palts veel t\u00e4ielikku sotti saanud, sest \u00fchine teekond on alles algusj\u00e4rgus. Enamus m\u00e4ngijaid on noored ja k\u00e4ivad veel koolis, samas on seas m\u00f5ni kogenum ka. &#8220;Minu teada on k\u00f5ik itaallased, aga raske on millestki r\u00e4\u00e4kida, sest praegu on see keelebarj\u00e4\u00e4r p\u00e4ris suur,&#8221; naeris ta. &#8220;Kuna trennid on p\u00e4ris f\u00fc\u00fcsilised, ei saa ka p\u00e4ris t\u00e4pselt aru, kes milline m\u00e4ngija on.&#8221;<\/p>\n<p>Eestlannad saavad olla aga \u00fcsna nemad ise. Paltsi kinnitusel m\u00e4ngib kolmik oma tavap\u00e4rastel positsioonidel. &#8220;Eks mul on k\u00f5ige rohkem seda, et kas olen natuke \u00fclevamal v\u00f5i madalamal. T\u00e4pselt pole aru saanud, kus treener mind n\u00e4eb &#8211; ilmselt ta ka katsetab natuke. Aga formatsioon on enam-v\u00e4hem sama, mis Eestis, ehk palju \u00fcmberharjumist pole vaja teha,&#8221; t\u00f5i ta v\u00e4lja.&#13;\n<\/p>\n<p>\u00dche asjaga tuleb \u00e4ra harjuda k\u00fcll: pasta! Seda on Paltsi s\u00f5nul meeletus koguses. &#8220;Kogu aeg on pasta! Ja v\u00e4ga suurtes portsjonites, mida nad tahavad, et me kogu aeg s\u00f6\u00f6ks. Kui meil oli m\u00e4ng, siis s\u00f5ime enne m\u00e4ngu koos, ja \u00f6eldi, et me laeks end s\u00fcsivesikutest korralikult t\u00e4is,&#8221; naeris ta.&#13;\n<\/p>\n<p>Ka saavad eestlannad peagi tulla koju j\u00f5ulutoite s\u00f6\u00f6ma, natuke rahulikumalt v\u00f5tta, ja seej\u00e4rel j\u00e4rgneb Serie C piirkonna D esikohajaht. Seniste seitsme m\u00e4nguga on naiskonnal kirjas 18 punkti ja edumaa l\u00e4hima j\u00e4litaja ees neljapunktine. Karikav\u00f5istlustel j\u00e4tkatakse veerandfinaalidega.\u00a0<\/p>\n","protected":false},"excerpt":{"rendered":"&#13; A-koondise poolkaitsja Liselle Palts s\u00f5lmis oma esimese v\u00e4lislepingu Serie C klubiga Catania FC. Kuigi kolm eestlannat h\u00f5igati&hellip;\n","protected":false},"author":2,"featured_media":63960,"comment_status":"","ping_status":"","sticky":false,"template":"","format":"standard","meta":{"footnotes":""},"categories":[18],"tags":[32388,29670,37,33,35,9645,34,36,163,32389,1664,109,29588,9654,28977,9217,159,158],"class_list":{"0":"post-63959","1":"post","2":"type-post","3":"status-publish","4":"format-standard","5":"has-post-thumbnail","7":"category-sport","8":"tag-catania","9":"tag-catania-fc","10":"tag-ee","11":"tag-eesti","12":"tag-eesti-keel","13":"tag-eesti-naiste-koondis","14":"tag-estonia","15":"tag-estonian","16":"tag-flora","17":"tag-flora-naised","18":"tag-flora-naiskond","19":"tag-itaalia","20":"tag-liselle-palts","21":"tag-naiste-koondis","22":"tag-palts","23":"tag-serie-c","24":"tag-sport","25":"tag-sports"},"share_on_mastodon":{"url":"https:\/\/pubeurope.com\/@ee\/115714374059300848","error":""},"_links":{"self":[{"href":"https:\/\/www.europesays.com\/ee\/wp-json\/wp\/v2\/posts\/63959","targetHints":{"allow":["GET"]}}],"collection":[{"href":"https:\/\/www.europesays.com\/ee\/wp-json\/wp\/v2\/posts"}],"about":[{"href":"https:\/\/www.europesays.com\/ee\/wp-json\/wp\/v2\/types\/post"}],"author":[{"embeddable":true,"href":"https:\/\/www.europesays.com\/ee\/wp-json\/wp\/v2\/users\/2"}],"replies":[{"embeddable":true,"href":"https:\/\/www.europesays.com\/ee\/wp-json\/wp\/v2\/comments?post=63959"}],"version-history":[{"count":0,"href":"https:\/\/www.europesays.com\/ee\/wp-json\/wp\/v2\/posts\/63959\/revisions"}],"wp:featuredmedia":[{"embeddable":true,"href":"https:\/\/www.europesays.com\/ee\/wp-json\/wp\/v2\/media\/63960"}],"wp:attachment":[{"href":"https:\/\/www.europesays.com\/ee\/wp-json\/wp\/v2\/media?parent=63959"}],"wp:term":[{"taxonomy":"category","embeddable":true,"href":"https:\/\/www.europesays.com\/ee\/wp-json\/wp\/v2\/categories?post=63959"},{"taxonomy":"post_tag","embeddable":true,"href":"https:\/\/www.europesays.com\/ee\/wp-json\/wp\/v2\/tags?post=63959"}],"curies":[{"name":"wp","href":"https:\/\/api.w.org\/{rel}","templated":true}]}}