{"id":63963,"date":"2025-12-13T21:30:08","date_gmt":"2025-12-13T21:30:08","guid":{"rendered":"https:\/\/www.europesays.com\/ee\/63963\/"},"modified":"2025-12-13T21:30:08","modified_gmt":"2025-12-13T21:30:08","slug":"kolmanda-ranga-polvetrauma-alistanud-kelly-sildaru-valasin-juba-kvalifikatsioonis-pisaraid","status":"publish","type":"post","link":"https:\/\/www.europesays.com\/ee\/63963\/","title":{"rendered":"Kolmanda r\u00e4nga p\u00f5lvetrauma alistanud Kelly Sildaru: valasin juba kvalifikatsioonis pisaraid!"},"content":{"rendered":"<p>\u201eValasin vist juba p\u00e4rast esimest kvalifikatsioonis\u00f5itu natuke pisaraid. Oli hea meel ja t\u00e4nutunne, et mu keha laseb mul siin olla ja v\u00f5istelda. Ja muidugi k\u00f5ik see t\u00f6\u00f6, mis olen \u00e4ra teinud \u2026 Sellep\u00e4rast oligi finaali saamine nii suur asi, et t\u00f5estada endale, et t\u00f6\u00f6 on vilja kandnud, suudan endiselt suusatada ja oma trikid \u00e4ra maanduda,\u201c kirjeldas Sildaru paar tundi p\u00e4rast Secret Gardenis toimunud MK-etapi finaali (8. koht) \u00d5htulehele.<\/p>\n<p>Emotsioonide tulv on igati ootusp\u00e4rane, sest Sildaru spordielu on p\u00e4rast 2022. aastal pargis\u00f5idus v\u00f5idetud ol\u00fcmpiapronksi olnud pehmelt \u00f6eldes keeruline.<\/p>\n","protected":false},"excerpt":{"rendered":"\u201eValasin vist juba p\u00e4rast esimest kvalifikatsioonis\u00f5itu natuke pisaraid. Oli hea meel ja t\u00e4nutunne, et mu keha laseb mul&hellip;\n","protected":false},"author":2,"featured_media":63964,"comment_status":"","ping_status":"","sticky":false,"template":"","format":"standard","meta":{"footnotes":""},"categories":[91],"tags":[240,37,33,35,173,34,36,241,140],"class_list":{"0":"post-63963","1":"post","2":"type-post","3":"status-publish","4":"format-standard","5":"has-post-thumbnail","7":"category-kuulsused","8":"tag-celebrities","9":"tag-ee","10":"tag-eesti","11":"tag-eesti-keel","12":"tag-entertainment","13":"tag-estonia","14":"tag-estonian","15":"tag-kuulsused","16":"tag-meelelahutus"},"share_on_mastodon":{"url":"https:\/\/pubeurope.com\/@ee\/115714393613036238","error":""},"_links":{"self":[{"href":"https:\/\/www.europesays.com\/ee\/wp-json\/wp\/v2\/posts\/63963","targetHints":{"allow":["GET"]}}],"collection":[{"href":"https:\/\/www.europesays.com\/ee\/wp-json\/wp\/v2\/posts"}],"about":[{"href":"https:\/\/www.europesays.com\/ee\/wp-json\/wp\/v2\/types\/post"}],"author":[{"embeddable":true,"href":"https:\/\/www.europesays.com\/ee\/wp-json\/wp\/v2\/users\/2"}],"replies":[{"embeddable":true,"href":"https:\/\/www.europesays.com\/ee\/wp-json\/wp\/v2\/comments?post=63963"}],"version-history":[{"count":0,"href":"https:\/\/www.europesays.com\/ee\/wp-json\/wp\/v2\/posts\/63963\/revisions"}],"wp:featuredmedia":[{"embeddable":true,"href":"https:\/\/www.europesays.com\/ee\/wp-json\/wp\/v2\/media\/63964"}],"wp:attachment":[{"href":"https:\/\/www.europesays.com\/ee\/wp-json\/wp\/v2\/media?parent=63963"}],"wp:term":[{"taxonomy":"category","embeddable":true,"href":"https:\/\/www.europesays.com\/ee\/wp-json\/wp\/v2\/categories?post=63963"},{"taxonomy":"post_tag","embeddable":true,"href":"https:\/\/www.europesays.com\/ee\/wp-json\/wp\/v2\/tags?post=63963"}],"curies":[{"name":"wp","href":"https:\/\/api.w.org\/{rel}","templated":true}]}}