{"id":63965,"date":"2025-12-13T21:36:11","date_gmt":"2025-12-13T21:36:11","guid":{"rendered":"https:\/\/www.europesays.com\/ee\/63965\/"},"modified":"2025-12-13T21:36:11","modified_gmt":"2025-12-13T21:36:11","slug":"varbad-oigele-poole-joont-sattinud-raphinha-soolo-pikendas-barcelona-superseeriat-messi-rekord-langes-griezmann-jatkab-paastja-rollis-soccernet-ee","status":"publish","type":"post","link":"https:\/\/www.europesays.com\/ee\/63965\/","title":{"rendered":"Varbad \u00f5igele poole joont s\u00e4ttinud Raphinha soolo pikendas Barcelona superseeriat, Messi rekord langes (Griezmann j\u00e4tkab p\u00e4\u00e4stja rollis) &#8211; Soccernet.ee"},"content":{"rendered":"<p><img decoding=\"async\" src=\"https:\/\/www.europesays.com\/ee\/wp-content\/uploads\/2025\/10\/1761385916.jpg\" alt=\"Raphinha vedas Barcelona j\u00e4rjekordselt v\u00f5idule. Foto: Richard Callis \/ Sport Press Photo via ZUMA Press\"\/>&#13;\n<\/p>\n<p>Hispaania k\u00f5rgliiga liidrina j\u00e4tkab Barcelona, kes k\u00e4ristas v\u00e4hemalt ajutiselt edu l\u00e4hima j\u00e4litaja Real Madridi ees seitsmele punktile. Kodus andis s\u00fcdilt kaitsnud Osasuna murdmisesse suurima panuse Raphinha.<\/p>\n<p>Barcelona valitses avapoolaega t\u00e4ielikult, vallates palli koguni 81% m\u00e4nguajast ja tehes 13 pealel\u00f6\u00f6ki. Poolaja keskel j\u00f5udis pall korra ka k\u00fclaliste v\u00e4ravasse, kui Ferran Torres suunas peaga sihile Marcus Rashfordi kavala s\u00f6\u00f6du. VAR-kontrolli j\u00e4rel tabamus aga t\u00fchistati &#8211; Lamine Yamal ja Raphinha olid 20 sekundit enne v\u00e4rava s\u00fcndi m\u00e4nginud l\u00fchidalt lahti nurgal\u00f6\u00f6gi ja selle k\u00e4igus fikseeriti brasiillasele napp suluseis.&#13;\n<\/p>\n<blockquote class=\"twitter-tweet\"><p>&#13;<\/p>\n<p lang=\"es\" dir=\"ltr\">\ud83d\udcfa La imagen del fuera de juego de Raphinha previo al gol de Ferran <a href=\"https:\/\/t.co\/QRolHaO1tQ\" rel=\"nofollow\">pic.twitter.com\/QRolHaO1tQ<\/a>&#13;<br \/>\n\u2014 Mundo Deportivo (@mundodeportivo) <a href=\"https:\/\/twitter.com\/mundodeportivo\/status\/1999908350155448499?ref_src=twsrc%5Etfw\" rel=\"nofollow noopener\" target=\"_blank\">December 13, 2025<\/a><\/p>\n<\/blockquote>\n<p>K\u00fclaliste v\u00e4rava muukis l\u00f5puks alles 70. minutil lahti avapoolaja patuoinas ise ehk Raphinha, kes saatis poolkiire vastur\u00fcnnaku l\u00f5petuseks karistusala joonelt palli sihile. Talle s\u00f6\u00f6du andnud Pedri t\u00e4histas sellega omalaadset juubelit, sest Hispaania koondise keskv\u00e4ljamehest sai 23 aasta ja 18 p\u00e4eva vanusena noorim m\u00e4ngija, kes j\u00f5udnud Barcelona s\u00e4rgis 150 liigam\u00e4nguni. Seni kuulus rekord Lionel Messile, kes oli 15 aastat tagasi sama t\u00e4hiseni j\u00f5udes 23 aastat ja 121 p\u00e4eva vana.<\/p>\n<p>Osasuna kaitsja Alejandro Catena eksimuse \u00e4ra kasutanud Raphinha tegi 86. minutil l\u00f5ppseisuks 2:0 ja pikendas sellega katalaanide v\u00e4gevat seeriat. Nimelt on Barcelona n\u00fc\u00fcd v\u00f5itnud viimased seitse liigam\u00e4ngu v\u00e4hemalt kahev\u00e4ravalise vahega. Viimati suudeti pikem seesugune seeria kokku panna 2017. aastal, kui niisugusi m\u00e4nge kogunes \u00fchtejutti kaheksa.&#13;\n<\/p>\n<blockquote class=\"twitter-tweet\"><p>&#13;<\/p>\n<p lang=\"en\" dir=\"ltr\">10 &#8211; Raphinha Dias has scored 10 goals from outside the box for Barcelona in all competitions, no other Bar\u00e7a player has scored more since 2022\/23 (Lamine Yamal also has 10). Firepower. <a href=\"https:\/\/t.co\/k6a7TmEbjj\" rel=\"nofollow\">pic.twitter.com\/k6a7TmEbjj<\/a>&#13;<br \/>\n\u2014 OptaJose (@OptaJose) <a href=\"https:\/\/twitter.com\/OptaJose\/status\/1999922276410818797?ref_src=twsrc%5Etfw\" rel=\"nofollow noopener\" target=\"_blank\">December 13, 2025<\/a><\/p>\n<\/blockquote>\n<p>Atletico Madridi vedas koduplatsil Valencia vastu 2:1 v\u00f5iduni taas supervahetusmehe rolli t\u00e4navu edukalt sisse elanud Antoine Griezmann. Koke oli Atletico 17. minutil juhtima viinud ja Valencia VAR-kontrolli j\u00e4rel Pepelu v\u00e4ravast ilma j\u00e4\u00e4nud, kui prantslane 59. minutil v\u00f5\u00f5rustajate 1:0 eduseisus m\u00e4ngu sekkus. K\u00f5igest neli minutit hiljem t\u00f5i Lucas Beltrani suurep\u00e4rane kaugl\u00f6\u00f6k ikkagi tabloole viigi, aga viimane s\u00f5na j\u00e4i Griezmannile.<\/p>\n<p>Kogenud r\u00fcndaja v\u00f5ttis 74. minutil Marc Pubilli pika s\u00f6\u00f6du karistusalas osavalt omaks ja l\u00f5i v\u00f5iduv\u00e4rava. K\u00f5ik tema selle hooaja viis liigav\u00e4ravat on s\u00fcndinud varumeeste pingilt t\u00f5ustes ja Euroopa viies tippliigas ei leidu praegu \u00fchtegi teravama jalaga vahetusm\u00e4ngijat.&#13;\n<\/p>\n<blockquote class=\"twitter-tweet\"><p>&#13;<\/p>\n<p lang=\"en\" dir=\"ltr\">5 &#8211; Atl\u00e9tico Madrid&#8217;s Antoine Griezmann has scored five goals in La Liga 2025\/26, all as a substitute, making him the highest-scoring substitute in Top 5 European leagues this season. Changer. <a href=\"https:\/\/t.co\/ExocAQr2ja\" rel=\"nofollow\">pic.twitter.com\/ExocAQr2ja<\/a>&#13;<br \/>\n\u2014 OptaJose (@OptaJose) <a href=\"https:\/\/twitter.com\/OptaJose\/status\/1999852251754729705?ref_src=twsrc%5Etfw\" rel=\"nofollow noopener\" target=\"_blank\">December 13, 2025<\/a><\/p>\n<\/blockquote>\n<p>Hooaja neljanda v\u00f5idu sai tabelisse Mallorca, alistades koduplatsil 3:1 Elche. Kolmel korral tehti M-t\u00e4he abil nimemaagiat tahtmatult, korra aga kogemata &#8211; esmalt viis Manu Morlanes v\u00f5\u00f5rustajad juba viie minutiga ette, kuid Pablo Maffeo \u00f5nnetu omav\u00e4rav viigistas seisu. Kohtumise l\u00f5puminutitel t\u00f5usid Mallorca kangelasteks siiski Omar Mascarell ja Vedat Muriqi.<\/p>\n<p>K\u00f5igepealt eksis 82. minutil r\u00e4ngalt s\u00f6\u00f6duga Elche v\u00e4ravavaht Inaki Pena ning Mascarell t\u00f5stis palli mitmek\u00fcmnelt meetrilt \u00fcle v\u00e4ravavahi t\u00fchja v\u00f5rku. Kuus minutit hiljem s\u00e4ras v\u00e4rske v\u00e4raval\u00f6\u00f6ja keskv\u00e4ljal vaheltl\u00f5ikega, tegi v\u00f5imsa spurdi ja andis m\u00f5\u00f5detud tsenderduse Vedat Muriqile, kes selle peaga ristnurka suunas, tuues v\u00f5\u00f5rustajatele kolm punkti. K\u00fclalised vaevlevad seevastu korralikus m\u00f5\u00f5nas. P\u00e4rast suurep\u00e4rast starti on oktoobri algusest saadik v\u00f5idetud \u00fcheksast liigam\u00e4ngust vaid \u00fcks ja langetud tabeli neljanda rea asemel esik\u00fcmnest sootuks v\u00e4lja.&#13;\n<\/p>\n<p><script async src=\"https:\/\/platform.twitter.com\/widgets.js\" charset=\"utf-8\"><\/script><\/p>\n","protected":false},"excerpt":{"rendered":"&#13; Hispaania k\u00f5rgliiga liidrina j\u00e4tkab Barcelona, kes k\u00e4ristas v\u00e4hemalt ajutiselt edu l\u00e4hima j\u00e4litaja Real Madridi ees seitsmele punktile.&hellip;\n","protected":false},"author":2,"featured_media":27507,"comment_status":"","ping_status":"","sticky":false,"template":"","format":"standard","meta":{"footnotes":""},"categories":[18],"tags":[1739,1741,37,33,35,1743,34,36,10641,24851,110,32390,606,7451,9212,1136,14761,13828,159,158,1139,7631],"class_list":{"0":"post-63965","1":"post","2":"type-post","3":"status-publish","4":"format-standard","5":"has-post-thumbnail","7":"category-sport","8":"tag-atletico","9":"tag-barcelona","10":"tag-ee","11":"tag-eesti","12":"tag-eesti-keel","13":"tag-elche","14":"tag-estonia","15":"tag-estonian","16":"tag-ferran-torres","17":"tag-griezmann","18":"tag-hispaania","19":"tag-koke","20":"tag-la-liga","21":"tag-mallorca","22":"tag-messi","23":"tag-osasuna","24":"tag-raphinha","25":"tag-rashford","26":"tag-sport","27":"tag-sports","28":"tag-valencia","29":"tag-yamal"},"share_on_mastodon":{"url":"https:\/\/pubeurope.com\/@ee\/115714417193114912","error":""},"_links":{"self":[{"href":"https:\/\/www.europesays.com\/ee\/wp-json\/wp\/v2\/posts\/63965","targetHints":{"allow":["GET"]}}],"collection":[{"href":"https:\/\/www.europesays.com\/ee\/wp-json\/wp\/v2\/posts"}],"about":[{"href":"https:\/\/www.europesays.com\/ee\/wp-json\/wp\/v2\/types\/post"}],"author":[{"embeddable":true,"href":"https:\/\/www.europesays.com\/ee\/wp-json\/wp\/v2\/users\/2"}],"replies":[{"embeddable":true,"href":"https:\/\/www.europesays.com\/ee\/wp-json\/wp\/v2\/comments?post=63965"}],"version-history":[{"count":0,"href":"https:\/\/www.europesays.com\/ee\/wp-json\/wp\/v2\/posts\/63965\/revisions"}],"wp:featuredmedia":[{"embeddable":true,"href":"https:\/\/www.europesays.com\/ee\/wp-json\/wp\/v2\/media\/27507"}],"wp:attachment":[{"href":"https:\/\/www.europesays.com\/ee\/wp-json\/wp\/v2\/media?parent=63965"}],"wp:term":[{"taxonomy":"category","embeddable":true,"href":"https:\/\/www.europesays.com\/ee\/wp-json\/wp\/v2\/categories?post=63965"},{"taxonomy":"post_tag","embeddable":true,"href":"https:\/\/www.europesays.com\/ee\/wp-json\/wp\/v2\/tags?post=63965"}],"curies":[{"name":"wp","href":"https:\/\/api.w.org\/{rel}","templated":true}]}}