{"id":63969,"date":"2025-12-13T21:48:08","date_gmt":"2025-12-13T21:48:08","guid":{"rendered":"https:\/\/www.europesays.com\/ee\/63969\/"},"modified":"2025-12-13T21:48:08","modified_gmt":"2025-12-13T21:48:08","slug":"jaanuarikuu-toenaosused-karjuvad-ei-maara-muutust-samal-ajal-kui-powell-lopetab-uue-foderaalreservi-esimehe-jutuajamise-bitcoin-com-news","status":"publish","type":"post","link":"https:\/\/www.europesays.com\/ee\/63969\/","title":{"rendered":"Jaanuarikuu t\u00f5en\u00e4osused karjuvad &#039;Ei m\u00e4\u00e4ra muutust&#039;, samal ajal kui Powell l\u00f5petab uue F\u00f6deraalreservi esimehe jutuajamise. &#8211; Bitcoin.com News"},"content":{"rendered":"<ol>\n<li><a href=\"https:\/\/news.google.com\/rss\/articles\/CBMi4gFBVV95cUxOM3BIcVNrWGF6OXgtdmpTc19ZS3BEVzFrSDR6ZUw2UFdmV1REU0pSTmdVdENMbkNsVjNfOVlBenpwT28yTDZVb1R2akpxUWFBQVRfam9WZk9HU21mQXJEVGpQV1Vrckd3Tno5TkdwRzFablBzOTVaeFJVbldWckRFNEVjMS15N201THo2NUxwYTNja08wSlFzOF9rU0dGelZLNWVud2ozM0REVFlVbXJfWS0wRWFTQ0FYM2tpRWNfUkkyTGFxZUd2WW93dzR4ZXZZZ0t2WDZ0dFh4X0NKRVZBR3h3?oc=5\" target=\"_blank\" rel=\"nofollow noopener\">Jaanuarikuu t\u00f5en\u00e4osused karjuvad &#8216;Ei m\u00e4\u00e4ra muutust&#8217;, samal ajal kui Powell l\u00f5petab uue F\u00f6deraalreservi esimehe jutuajamise.<\/a>&nbsp;&nbsp;Bitcoin.com News<\/li>\n<li><a href=\"https:\/\/news.google.com\/rss\/articles\/CBMihgFBVV95cUxNaE5NQmJvYzQ0V29aVV8xMW1UX3l3TXFVdTE2QVVCOUNpR3dOZk4yQ2FzTHRsel9WVVBSQ2poQVRJRjA3eE1vRUx6T0tSeVJWQWd3ZzNONS1BS0FqVFowR3U0UlcwNTAwNjVDUjliYmgyVFVSZ1lDa1NqMVJfQl9xRl9QbTI1Zw?oc=5\" target=\"_blank\" rel=\"nofollow noopener\">USA f\u00f6deraalreserv langetas taas intressim\u00e4\u00e4rasid<\/a>&nbsp;&nbsp;ERR<\/li>\n<li><a href=\"https:\/\/news.google.com\/rss\/articles\/CBMi2AFBVV95cUxOaU1SMEx3TTBwMVE3c1lUUnlIYUtvX21MV0wtN1d4bVlLVm94Q3RJaGJRUlc1YXRNd3dVOVlYMWxNUUlGUHdNSE04LXZoQzhVR1hUOVloekdjMWswTjUxUE5ic0RvUzlPU190RDRISDY0RVV6VHBtNm5pZnJ4bk1OazFqa0pTUGpsZC1IaTFWQ3FwXzEzZ0lSenVXOVBzUnZaYU03SVJsQzlObUNYUDZkM1I1UGI4bnZNSzRVNWhxU2NTWkV5RGVGNkhTQ1drT0ZBY0Z5UGc2QVQ?oc=5\" target=\"_blank\" rel=\"nofollow noopener\">Wall Streeti kauplejad hoidusid F\u00f6deraalreservi otsuse eel suurtest panustest, aktsiad langesid<\/a>&nbsp;&nbsp;\u00c4rip\u00e4ev<\/li>\n<li><a href=\"https:\/\/news.google.com\/rss\/articles\/CBMidkFVX3lxTE1XNVJZWkE5R1FmRU9RdzNBRGZBZU1SN3phcGp5M3RON0wwWDg4RVdaSDVDRVl2ZmlnWlJxc25fU3hQMkRWUzc4bG9oWWRTT2NMU0lCdFNWZ3duMWMtWEwwUHRETk40c3daY3RBdkR3dXcwbzk1SkE?oc=5\" target=\"_blank\" rel=\"nofollow noopener\">S&amp;P 500: Turupositsioon enne Fedi otsust<\/a>&nbsp;&nbsp;FinanceFeeds<\/li>\n<li><a href=\"https:\/\/news.google.com\/rss\/articles\/CBMikgFBVV95cUxNZ1VVQVR5MkhndzFZMXdPbWE5SUM3ckNXekdYQ25BeHlBN0haVjJ4WDRvTnREVURSQ29ZWDNKOHJFVUJwNlFYRkQ2bGNWOE5maldnb3dMVjVyMm04ZWRqOVhZa1pUZTBlbWlRa25Xbm1xMDhOTEVnRzEyZ0tjY21DeGljYWVEQkFwNVRJWjZVMDJUZw?oc=5\" target=\"_blank\" rel=\"nofollow noopener\">Sel n\u00e4dalal oluline: viis asja, mida oodata<\/a>&nbsp;&nbsp;\u00c4rip\u00e4ev<\/li>\n<\/ol>\n","protected":false},"excerpt":{"rendered":"Jaanuarikuu t\u00f5en\u00e4osused karjuvad &#8216;Ei m\u00e4\u00e4ra muutust&#8217;, samal ajal kui Powell l\u00f5petab uue F\u00f6deraalreservi esimehe jutuajamise.&nbsp;&nbsp;Bitcoin.com News USA f\u00f6deraalreserv&hellip;\n","protected":false},"author":2,"featured_media":63970,"comment_status":"","ping_status":"","sticky":false,"template":"","format":"standard","meta":{"footnotes":""},"categories":[14],"tags":[131,130,5515,37,33,35,34,36,32391,32392,27508,27509],"class_list":{"0":"post-63969","1":"post","2":"type-post","3":"status-publish","4":"format-standard","5":"has-post-thumbnail","7":"category-ari","8":"tag-ari","9":"tag-business","10":"tag-cme","11":"tag-ee","12":"tag-eesti","13":"tag-eesti-keel","14":"tag-estonia","15":"tag-estonian","16":"tag-federal-reserve","17":"tag-interest-rates","18":"tag-kalshi","19":"tag-polymarket"},"share_on_mastodon":{"url":"https:\/\/pubeurope.com\/@ee\/115714464368315620","error":""},"_links":{"self":[{"href":"https:\/\/www.europesays.com\/ee\/wp-json\/wp\/v2\/posts\/63969","targetHints":{"allow":["GET"]}}],"collection":[{"href":"https:\/\/www.europesays.com\/ee\/wp-json\/wp\/v2\/posts"}],"about":[{"href":"https:\/\/www.europesays.com\/ee\/wp-json\/wp\/v2\/types\/post"}],"author":[{"embeddable":true,"href":"https:\/\/www.europesays.com\/ee\/wp-json\/wp\/v2\/users\/2"}],"replies":[{"embeddable":true,"href":"https:\/\/www.europesays.com\/ee\/wp-json\/wp\/v2\/comments?post=63969"}],"version-history":[{"count":0,"href":"https:\/\/www.europesays.com\/ee\/wp-json\/wp\/v2\/posts\/63969\/revisions"}],"wp:featuredmedia":[{"embeddable":true,"href":"https:\/\/www.europesays.com\/ee\/wp-json\/wp\/v2\/media\/63970"}],"wp:attachment":[{"href":"https:\/\/www.europesays.com\/ee\/wp-json\/wp\/v2\/media?parent=63969"}],"wp:term":[{"taxonomy":"category","embeddable":true,"href":"https:\/\/www.europesays.com\/ee\/wp-json\/wp\/v2\/categories?post=63969"},{"taxonomy":"post_tag","embeddable":true,"href":"https:\/\/www.europesays.com\/ee\/wp-json\/wp\/v2\/tags?post=63969"}],"curies":[{"name":"wp","href":"https:\/\/api.w.org\/{rel}","templated":true}]}}