{"id":63981,"date":"2025-12-13T22:20:20","date_gmt":"2025-12-13T22:20:20","guid":{"rendered":"https:\/\/www.europesays.com\/ee\/63981\/"},"modified":"2025-12-13T22:20:20","modified_gmt":"2025-12-13T22:20:20","slug":"saarma-otsustas-kalendriaasta-viimases-mangus-pikalt-tuli-teinud-murest-targem-olla-soccernet-ee","status":"publish","type":"post","link":"https:\/\/www.europesays.com\/ee\/63981\/","title":{"rendered":"Saarma otsustas kalendriaasta viimases m\u00e4ngus pikalt t\u00fcli teinud murest targem olla &#8211; Soccernet.ee"},"content":{"rendered":"<p><img decoding=\"async\" src=\"https:\/\/www.europesays.com\/ee\/wp-content\/uploads\/2025\/12\/1765636021.jpg\" alt=\"Robi Saarma. Foto: Liisi Troska \/ jalgpall.ee\"\/>&#13;\n<\/p>\n<p>Robi Saarma j\u00e4tab kalendriaasta viimase kohtumise v\u00e4ikese tervisemure t\u00f5ttu vahele.<\/p>\n<p>Suvel T\u0161ehhi k\u00f5rgliigaklubisse FK Pardubice liikunud Robi Saarma sai esimesel poolaastal kirja 16 m\u00e4ngu, millest k\u00fcmmet alustas ta p\u00f5hikoosseisus. Kui eelmises m\u00e4nguvoorus sekkus ta viimaseks pooltunniks vahetusest, siis kalendriaasta viimase m\u00e4ngu j\u00e4tab ta t\u00e4ielikult vahele. P\u00f5hjuseks on m\u00f5nda aega muret teinud reie l\u00e4hendajalihas.&#13;\n<\/p>\n<p>&#8220;See on pikemalt seganud juba &#8211; oleme \u00fcritanud seda kontrolli all hoida viimased kuu aega. M\u00f5ni n\u00e4dal on parem, m\u00f5ni n\u00e4dal kehvem,&#8221; selgitas ta Soccernet.ee p\u00e4rimise peale. &#8220;N\u00e4gime f\u00fcsiodega, et kuna paus on niikuinii tulemas, siis parem oleks see t\u00e4iesti terveks ravida ja uuel aastal uue hooga m\u00e4ngima hakata. Pigem on see tulnud v\u00e4simusest &#8211; pikk hooaeg on seljataga.&#8221;&#13;\n<\/p>\n<p>Ka koondises p\u00f5hitegijaks kerkinud Saarma koduklubi FK Pardubice kohtub T\u0161ehhi k\u00f5rgliiga 19. voorus Ostrava Banikuga. M\u00f5lemad meeskonnad paiknevad tabeli teises pooles. N\u00fc\u00fcd rohkem \u00e4\u00e4rekaitsjana tegutseval Saarmal on T\u0161ehhis koos karikam\u00e4ngudega kokku peetud 19 kohtumist ja kirjas ka \u00fcks v\u00e4ravas\u00f6\u00f6t. Hooaeg j\u00e4tkub veebruaris.<\/p>\n","protected":false},"excerpt":{"rendered":"&#13; Robi Saarma j\u00e4tab kalendriaasta viimase kohtumise v\u00e4ikese tervisemure t\u00f5ttu vahele. Suvel T\u0161ehhi k\u00f5rgliigaklubisse FK Pardubice liikunud Robi&hellip;\n","protected":false},"author":2,"featured_media":63982,"comment_status":"","ping_status":"","sticky":false,"template":"","format":"standard","meta":{"footnotes":""},"categories":[18],"tags":[37,33,35,34,36,5354,4766,4767,159,158,116],"class_list":{"0":"post-63981","1":"post","2":"type-post","3":"status-publish","4":"format-standard","5":"has-post-thumbnail","7":"category-sport","8":"tag-ee","9":"tag-eesti","10":"tag-eesti-keel","11":"tag-estonia","12":"tag-estonian","13":"tag-pardubice","14":"tag-robi-saarma","15":"tag-saarma","16":"tag-sport","17":"tag-sports","18":"tag-tsehhi"},"share_on_mastodon":{"url":"https:\/\/pubeurope.com\/@ee\/115714590388287678","error":""},"_links":{"self":[{"href":"https:\/\/www.europesays.com\/ee\/wp-json\/wp\/v2\/posts\/63981","targetHints":{"allow":["GET"]}}],"collection":[{"href":"https:\/\/www.europesays.com\/ee\/wp-json\/wp\/v2\/posts"}],"about":[{"href":"https:\/\/www.europesays.com\/ee\/wp-json\/wp\/v2\/types\/post"}],"author":[{"embeddable":true,"href":"https:\/\/www.europesays.com\/ee\/wp-json\/wp\/v2\/users\/2"}],"replies":[{"embeddable":true,"href":"https:\/\/www.europesays.com\/ee\/wp-json\/wp\/v2\/comments?post=63981"}],"version-history":[{"count":0,"href":"https:\/\/www.europesays.com\/ee\/wp-json\/wp\/v2\/posts\/63981\/revisions"}],"wp:featuredmedia":[{"embeddable":true,"href":"https:\/\/www.europesays.com\/ee\/wp-json\/wp\/v2\/media\/63982"}],"wp:attachment":[{"href":"https:\/\/www.europesays.com\/ee\/wp-json\/wp\/v2\/media?parent=63981"}],"wp:term":[{"taxonomy":"category","embeddable":true,"href":"https:\/\/www.europesays.com\/ee\/wp-json\/wp\/v2\/categories?post=63981"},{"taxonomy":"post_tag","embeddable":true,"href":"https:\/\/www.europesays.com\/ee\/wp-json\/wp\/v2\/tags?post=63981"}],"curies":[{"name":"wp","href":"https:\/\/api.w.org\/{rel}","templated":true}]}}