{"id":63983,"date":"2025-12-13T22:23:31","date_gmt":"2025-12-13T22:23:31","guid":{"rendered":"https:\/\/www.europesays.com\/ee\/63983\/"},"modified":"2025-12-13T22:23:31","modified_gmt":"2025-12-13T22:23:31","slug":"kui-ka-sina-oled-temaga-kokku-puutunud-siis-ara-jaa-uksi-selle-hirmuga-parnus-on-margatud-meest-kes-vaidetavalt-tudrukuid-ahistab","status":"publish","type":"post","link":"https:\/\/www.europesays.com\/ee\/63983\/","title":{"rendered":"\u00abKui ka sina oled temaga kokku puutunud, siis \u00e4ra j\u00e4\u00e4 \u00fcksi selle hirmuga!\u00bb P\u00e4rnus on m\u00e4rgatud meest, kes v\u00e4idetavalt t\u00fcdrukuid ahistab"},"content":{"rendered":"<p>\u00abOja kandis R\u00e4\u00e4mal liigub mees, kes on viimastel kuudel mitut noort t\u00fcdrukut ahistanud (k\u00e4perdanud) ja j\u00e4litanud. V\u00e4hemalt kaks juhtumit on juba politseis,\u00bb \u00fctleb oma Facebooki lehel ja Facebooki grupis \u00ab\u00dclej\u00f5e-R\u00e4\u00e4ma\u00bb postituse teinud T\u00f5nis.<\/p>\n<p>\u00abKui ka sina oled temaga kokku puutunud, siis palun \u00e4ra j\u00e4\u00e4 \u00fcksi selle hirmuga. R\u00e4\u00e4gi. Tee avaldus. Ka \u00abv\u00e4ike\u00bb asi loeb. Me elame v\u00e4ikeses kohas. Siin ei tohiks keegi saada varju j\u00e4\u00e4da. Seega, keegi kindlasti tunneb pildil oleva isiku \u00e4ra. Palun jaga infot, mis on tema nimi? Kust teda leida v\u00f5iks?\u00bb k\u00fcsib T\u00f5nis ning jagab ekraanit\u00f5mmist kaamerasalvestisest.<\/p>\n<p>T\u00f5nise s\u00f5nul on k\u00f5nealune mees 30\u221240-aastane.<\/p>\n<p>T\u00f5nis pole oma postitusele veel tagasisidet saanud, k\u00fcll aga teab ta, et politsei on hakanud n\u00fc\u00fcd asja uurima. Postituse all on ka m\u00f5ned kommentaarid. \u00abKunagi n\u00e4gin teda linnaliinibussis, tundus purjus, vahtis noort t\u00fctarlast, kes kandis l\u00fchikest kleiti. Tal oli ebamugav ja \u00fctlesin t\u00fcdrukule, et vaheta istekohta (bussis oli v\u00e4he inimesi). T\u00fcdruk istus temast kaugemale. Samal ajal j\u00e4lgisin meest. Ta sai olukorrast aru, siis vaatas mind ja muigas. \u00dctles mulle, et ma olen t\u00f5eline mees. Jube kogemus,\u00bb kirjutab \u00fcks kommenteerija.<\/p>\n<p>\u00abTundub nagu see totu, kes k\u00fcsib pidevalt suitsu. Pahandasin ja ajasin t\u00f6\u00f6le. Olen teda n\u00e4inud Oja ja Haigla peatuses ning Niidu peatuses, sest vist p\u00e4evakeskuses k\u00e4ib Niidus. Suvel juba panin teda t\u00e4hele. Hoian teadlikult distantsi!\u00bb \u00fctleb kommentaari j\u00e4tnud naine.<\/p>\n<p>P\u00e4rnu politseijaoskonna P\u00e4rnu piirkonnagrupi juht Karin Uibo \u00fctleb, et politseile on laekunud teade v\u00f5imaliku ahistamisjuhtumiga ning sellega seoses on alustatud v\u00e4\u00e4rteomenetlust. \u00abPolitsei on suhelnud kannatanuga ning kogunud t\u00e4iendavat teavet v\u00f5imalike asjaolude selgitamiseks. Politsei on suhelnud piirkonnas elavate inimestega ning proovinud v\u00f5imalikku toimepanijat tuvastada, kuid kellelgi pole olnud kirjeldatud inimesega kokkupuudet,\u00bb r\u00e4\u00e4gib Uibo.<\/p>\n<p>\u00abTuletame inimestele meelde, et kui keegi satub v\u00f5i m\u00e4rkab ohtlikku olukorda, siis tuleb helistada numbril 112 ning politsei saab kohe reageerida ja v\u00f5imaliku toimepanija tuvastada,\u00bb s\u00f5nab politsei esindaja.<\/p>\n","protected":false},"excerpt":{"rendered":"\u00abOja kandis R\u00e4\u00e4mal liigub mees, kes on viimastel kuudel mitut noort t\u00fcdrukut ahistanud (k\u00e4perdanud) ja j\u00e4litanud. V\u00e4hemalt kaks&hellip;\n","protected":false},"author":2,"featured_media":63984,"comment_status":"","ping_status":"","sticky":false,"template":"","format":"standard","meta":{"footnotes":""},"categories":[12],"tags":[26,27,37,33,35,137,152,153,151,34,36,31,32,148,21,154,142,28,29,143,140,144,19,141,146,25,147,145,138,150,155,139,23,24,22,20,149,30],"class_list":{"0":"post-63983","1":"post","2":"type-post","3":"status-publish","4":"format-standard","5":"has-post-thumbnail","7":"category-eesti","8":"tag-breaking-news","9":"tag-breakingnews","10":"tag-ee","11":"tag-eesti","12":"tag-eesti-keel","13":"tag-elu","14":"tag-elu-24","15":"tag-elu24-ee","16":"tag-erna-husko","17":"tag-estonia","18":"tag-estonian","19":"tag-featured-news","20":"tag-featurednews","21":"tag-foto","22":"tag-headlines","23":"tag-koroonaviirus","24":"tag-kuulsus","25":"tag-latest-news","26":"tag-latestnews","27":"tag-live","28":"tag-meelelahutus","29":"tag-muusika","30":"tag-news","31":"tag-pidu","32":"tag-pommuudis","33":"tag-populaarseimad-lood","34":"tag-reality","35":"tag-saade","36":"tag-saagim","37":"tag-seks","38":"tag-silvia-ilves","39":"tag-staar","40":"tag-top-stories","41":"tag-topstories","42":"tag-uldised-uudised","43":"tag-uudised","44":"tag-video","45":"tag-viimased-uudised"},"share_on_mastodon":{"url":"","error":"Validation failed: Text character limit of 500 exceeded"},"_links":{"self":[{"href":"https:\/\/www.europesays.com\/ee\/wp-json\/wp\/v2\/posts\/63983","targetHints":{"allow":["GET"]}}],"collection":[{"href":"https:\/\/www.europesays.com\/ee\/wp-json\/wp\/v2\/posts"}],"about":[{"href":"https:\/\/www.europesays.com\/ee\/wp-json\/wp\/v2\/types\/post"}],"author":[{"embeddable":true,"href":"https:\/\/www.europesays.com\/ee\/wp-json\/wp\/v2\/users\/2"}],"replies":[{"embeddable":true,"href":"https:\/\/www.europesays.com\/ee\/wp-json\/wp\/v2\/comments?post=63983"}],"version-history":[{"count":0,"href":"https:\/\/www.europesays.com\/ee\/wp-json\/wp\/v2\/posts\/63983\/revisions"}],"wp:featuredmedia":[{"embeddable":true,"href":"https:\/\/www.europesays.com\/ee\/wp-json\/wp\/v2\/media\/63984"}],"wp:attachment":[{"href":"https:\/\/www.europesays.com\/ee\/wp-json\/wp\/v2\/media?parent=63983"}],"wp:term":[{"taxonomy":"category","embeddable":true,"href":"https:\/\/www.europesays.com\/ee\/wp-json\/wp\/v2\/categories?post=63983"},{"taxonomy":"post_tag","embeddable":true,"href":"https:\/\/www.europesays.com\/ee\/wp-json\/wp\/v2\/tags?post=63983"}],"curies":[{"name":"wp","href":"https:\/\/api.w.org\/{rel}","templated":true}]}}