{"id":63985,"date":"2025-12-13T22:24:36","date_gmt":"2025-12-13T22:24:36","guid":{"rendered":"https:\/\/www.europesays.com\/ee\/63985\/"},"modified":"2025-12-13T22:24:36","modified_gmt":"2025-12-13T22:24:36","slug":"juhtkiri-%e2%9f%a9-agressori-raha-saatus","status":"publish","type":"post","link":"https:\/\/www.europesays.com\/ee\/63985\/","title":{"rendered":"JUHTKIRI \u27e9 Agressori raha saatus"},"content":{"rendered":"<p>Otsus on hea ja vajalik, kuid siit tuleks liikuda edasi, et need varad oleks v\u00f5imalik otsekohe t\u00e4ies mahus Ukrainale \u00fcle anda, mis aitaks ukrainlastel osta relvastust, hoida riigi majandust toimimas ja seista seega vastu Venemaa j\u00e4tkuvale brutaalsele kallaletungile. Sellist otsust ei ole s\u00fcndinud peamiselt Belgia valitsuse vastuseisu t\u00f5ttu.<\/p>\n<p>Belgia mure on olemuslikult arusaadav. Euroopas k\u00fclmutatud 210 miljardi euro v\u00e4\u00e4rtuses Venemaa Keskpanga varad asuvad peamiselt Euroclearis, mis on lihtsalt \u00f6eldes Euroopa finantss\u00fcsteemi keskne seif. See asub Br\u00fcsselis ja on Belgia jurisdiktsiooni all. Seega tabaksid Venemaa vastumeetmed esmaj\u00e4rjekorras Belgiat. Belglased on soovinud \u00fclej\u00e4\u00e4nud ELi liikmesriikidelt garantiisid puhuks, kui neil tekiks kohustus raha ikkagi Venemaale tagastada. Venemaa kaebaski reedel Eurocleari kohtusse.<\/p>\n<p>M\u00f5ne riigi raha k\u00fclmutamine ei ole rahvusvaheliselt enneolematu, kui konfiskeerimist on rahvusvahelises panganduses esinenud \u00fcliharva. \u00dcks n\u00e4ide on Saksamaa varade kasutamine reparatsioonideks peale Teist maailmas\u00f5da, kuid isegi siis kulus m\u00f5nede hoiuste k\u00e4ttesaamiseks \u0160veitsi pankadest aastak\u00fcmneid. Teine n\u00e4ide on Iraagi naftatulude suunamine Kuveidi reparatsioonideks peale Iraagi 1990. aasta agressiooni; see toimus aga \u00dcRO Julgeolekun\u00f5ukogu resolutsiooni alusel.<\/p>\n<blockquote class=\"quote ck-widget\" contenteditable=\"false\">\n<p>Venemaa k\u00fclmutatud varad tuleb Ukraina h\u00fcvanguks kasutusele v\u00f5tta t\u00e4ies mahus esimesel v\u00f5imalusel ning Euroopa peab seda otsustama \u00fchiselt.<\/p>\n<\/blockquote>\n<p>Niisiis pole belglased kindlad, et Venemaa varade \u00e4rav\u00f5tmine kujuneb tulevikus rahvusvaheliselt \u00f5iguslikult vettpidavaks. Murelikuks muudavad neid ka signaalid Washingtonist, kes sooviks selle rahaga kuidagi ise toimetada ning ei saa v\u00e4listada, et rahul\u00e4bir\u00e4\u00e4kimiste raames koost\u00f6\u00f6s Venemaaga.<\/p>\n<p>Kuid siin peakski m\u00e4ngu tooma rahvusvahelised lepped, sealhulgas Helsingi l\u00f5ppaktid, mille Leonid Bre\u017enev allkirjastas augustis 1975 ning mis v\u00e4listasid piiride v\u00e4givaldse muutmise ja garanteerisid inim\u00f5igused. Venemaa \u2013 kes peab ennast NSVLi \u00f5igusj\u00e4rglaseks \u2013 on Ukrainale kallale tungides rikkunud neid ja paljusid teisi rahvusvahelisi leppeid. Riigil, kes on rikkunud rahvusvahelisi m\u00e4ngureegleid, pole moraalset \u00f5igust n\u00f5uda oma varade \u00fcleilmset puutumatust.<\/p>\n<p>Venemaa k\u00fclmutatud varad tuleb Ukraina h\u00fcvanguks kasutusele v\u00f5tta t\u00e4ies mahus esimesel v\u00f5imalusel ning Euroopa peab seda otsustama \u00fchiselt, sealhulgas andes Belgiale juriidilisi ja julgeolekugarantiisid. Tegemist oleks osaga Euroopa s\u00f5jalisest ja poliitilisest iseseisvumisest, mis on m\u00f6\u00f6dap\u00e4\u00e4smatu.<\/p>\n","protected":false},"excerpt":{"rendered":"Otsus on hea ja vajalik, kuid siit tuleks liikuda edasi, et need varad oleks v\u00f5imalik otsekohe t\u00e4ies mahus&hellip;\n","protected":false},"author":2,"featured_media":63986,"comment_status":"","ping_status":"","sticky":false,"template":"","format":"standard","meta":{"footnotes":""},"categories":[5],"tags":[5410,26,27,37,33,35,34,36,14957,31,32,21,32399,5327,28,29,19,25,1039,23,24,262,22,20,96,30],"class_list":{"0":"post-63985","1":"post","2":"type-post","3":"status-publish","4":"format-standard","5":"has-post-thumbnail","7":"category-uldised-uudised","8":"tag-belgia","9":"tag-breaking-news","10":"tag-breakingnews","11":"tag-ee","12":"tag-eesti","13":"tag-eesti-keel","14":"tag-estonia","15":"tag-estonian","16":"tag-euroclear","17":"tag-featured-news","18":"tag-featurednews","19":"tag-headlines","20":"tag-helsingi-loppaktid","21":"tag-inimoigused","22":"tag-latest-news","23":"tag-latestnews","24":"tag-news","25":"tag-populaarseimad-lood","26":"tag-rahvusvaheline-oigus","27":"tag-top-stories","28":"tag-topstories","29":"tag-ukraina","30":"tag-uldised-uudised","31":"tag-uudised","32":"tag-venemaa","33":"tag-viimased-uudised"},"share_on_mastodon":{"url":"https:\/\/pubeurope.com\/@ee\/115714605917005419","error":""},"_links":{"self":[{"href":"https:\/\/www.europesays.com\/ee\/wp-json\/wp\/v2\/posts\/63985","targetHints":{"allow":["GET"]}}],"collection":[{"href":"https:\/\/www.europesays.com\/ee\/wp-json\/wp\/v2\/posts"}],"about":[{"href":"https:\/\/www.europesays.com\/ee\/wp-json\/wp\/v2\/types\/post"}],"author":[{"embeddable":true,"href":"https:\/\/www.europesays.com\/ee\/wp-json\/wp\/v2\/users\/2"}],"replies":[{"embeddable":true,"href":"https:\/\/www.europesays.com\/ee\/wp-json\/wp\/v2\/comments?post=63985"}],"version-history":[{"count":0,"href":"https:\/\/www.europesays.com\/ee\/wp-json\/wp\/v2\/posts\/63985\/revisions"}],"wp:featuredmedia":[{"embeddable":true,"href":"https:\/\/www.europesays.com\/ee\/wp-json\/wp\/v2\/media\/63986"}],"wp:attachment":[{"href":"https:\/\/www.europesays.com\/ee\/wp-json\/wp\/v2\/media?parent=63985"}],"wp:term":[{"taxonomy":"category","embeddable":true,"href":"https:\/\/www.europesays.com\/ee\/wp-json\/wp\/v2\/categories?post=63985"},{"taxonomy":"post_tag","embeddable":true,"href":"https:\/\/www.europesays.com\/ee\/wp-json\/wp\/v2\/tags?post=63985"}],"curies":[{"name":"wp","href":"https:\/\/api.w.org\/{rel}","templated":true}]}}