{"id":63987,"date":"2025-12-13T22:30:07","date_gmt":"2025-12-13T22:30:07","guid":{"rendered":"https:\/\/www.europesays.com\/ee\/63987\/"},"modified":"2025-12-13T22:30:07","modified_gmt":"2025-12-13T22:30:07","slug":"parnu-ja-parnumaa-uritused-kolmapaeval-17-detsembril","status":"publish","type":"post","link":"https:\/\/www.europesays.com\/ee\/63987\/","title":{"rendered":"P\u00e4rnu ja P\u00e4rnumaa \u00fcritused kolmap\u00e4eval, 17. detsembril"},"content":{"rendered":"<p>Kontserdimajas<br \/>kl 19 \u00abJaanid ja j\u00f5ulud\u00bb. Jaan T\u00e4tte ja Jaan S\u00f6\u00f6t.<\/p>\n<p>Eliisabeti kirikus<br \/>kl 19 j\u00f5ulukontsert \u00abUsk, lootus, armastus\u00bb. Naiskoor P\u00f5llepaelad, lauluselts Sireli ja suupilliansambel Piccolo.<\/p>\n<p>P\u00e4rnu kunstide kooli \u00e4rklisaalis<br \/>kl 18 P\u00e4rnu kunstide kooli Margrit Kitse laulustuudio solistide j\u00f5ulukontsert.<\/p>\n<p>Keskraamatukogu lasteosakonnas<br \/>kl 11 M\u00fcrakarukool 1,5\u20134aastastele lastele koos vanemate ja s\u00f5pradega.<\/p>\n<p>Rahva Raamatus (Port Artur 2)<br \/>kl 17 Karl Madise raamatu \u00abP\u00e4rlip\u00fc\u00fcdja. Elu t\u00e4is muusikat\u00bb esitlus.<\/p>\n<p>Keskraamatukogu 3. korrusel<br \/>kl 17 prantsuse keele vestlusring.<\/p>\n<p>Hahni pubis<br \/>kl 19 m\u00e4lum\u00e4ng.<\/p>\n<p>Spordihallis<br \/>kl 19 Eesti-L\u00e4ti korvpalliliiga: Transcom P\u00e4rnu \u2013 BK Ventspils.<\/p>\n<p>Linnagaleriis raekojas<br \/>\u00abP\u00e4rnu kunsti aastan\u00e4itus 2025\u00bb.<br \/>Avatud T\u2013R 11\u201317, L 11\u201314.<\/p>\n<p>Kunstnike majas<br \/>Eesti keraamikute grupin\u00e4itus \u00abRuumi loomine\u00bb.<br \/>Projektiruumis Belliisi Seenemaa n\u00e4itus \u00abNeed, kes on teisel pool\u00bb.<br \/>Avatud T\u2013R 11\u201317, L 11\u201314.<\/p>\n<p>Uue kunsti muuseumis<br \/>XIII taaskasutusn\u00e4itus \u00abAnna uus elu \u2013 muinasjutt\u00bb.<br \/>Eesti autorite piltvaipade n\u00e4itus \u00abIlus aeg\u00bb.<br \/>Avatud K\u2013P 11\u201318.<\/p>\n<p>Koidula muuseumis<br \/>Lydia Koidula ja J. V. Jannseni elu tutvustav p\u00fcsiekspositsioon.<br \/>2. korrusel juubelin\u00e4itus \u00abKoidula muuseumi lugu\u00bb.<br \/>Avatud K\u2013L 10\u201318.<\/p>\n<p>Koidula muuseumi aias<br \/>muinasjutuaknad \u00abEks sa tule \u00fcle lume \u2026 minu aknaalla\u00bb.<\/p>\n<p>Endla teatrigaleriis<br \/>Kristiina Maria (Soome) isikun\u00e4itus \u00abTeatraalne\u00bb.<\/p>\n<p>Kontserdimaja galeriis<br \/>P\u00e4rnu fotoklubi aastan\u00e4itus \u00abPidu meis enestes\u00bb.<\/p>\n<p>Punases tornis<br \/>p\u00fcsiekspositsioon \u00abAjaloolise Punase torni, keskaegse P\u00e4rnu ja paikkonna lugu\u00bb.<br \/>Avatud K\u2013P 10\u201318.<\/p>\n<p>Punase torni hoovigaleriis<br \/>stendin\u00e4itus \u00abKirik, k\u00f5rts ja kapsamaa\u00bb.<\/p>\n<p>Keskraamatukogu 1. korruse galeriis<br \/>P\u00e4rnu portselanimaaliseltsi L\u00fcster n\u00e4itus ja Svetlana Markina \u00f5limaalide n\u00e4itus.<br \/>Avatud E\u2013R 10\u201319, L 10\u201315.<\/p>\n<p>T\u00dc P\u00e4rnu kolled\u017ei raamatukogus<br \/>portselanimaalija Malle Erendi isikun\u00e4itus \u00abLootusega\u00bb.<br \/>Avatud E\u2013L 9\u201317.<\/p>\n","protected":false},"excerpt":{"rendered":"Kontserdimajaskl 19 \u00abJaanid ja j\u00f5ulud\u00bb. Jaan T\u00e4tte ja Jaan S\u00f6\u00f6t. Eliisabeti kirikuskl 19 j\u00f5ulukontsert \u00abUsk, lootus, armastus\u00bb. Naiskoor&hellip;\n","protected":false},"author":2,"featured_media":63988,"comment_status":"","ping_status":"","sticky":false,"template":"","format":"standard","meta":{"footnotes":""},"categories":[16],"tags":[37,33,35,173,34,36,140,348,359,1322],"class_list":{"0":"post-63987","1":"post","2":"type-post","3":"status-publish","4":"format-standard","5":"has-post-thumbnail","7":"category-meelelahutus","8":"tag-ee","9":"tag-eesti","10":"tag-eesti-keel","11":"tag-entertainment","12":"tag-estonia","13":"tag-estonian","14":"tag-meelelahutus","15":"tag-parnu-uritused","16":"tag-urituste-kava","17":"tag-vaba-aeg"},"share_on_mastodon":{"url":"https:\/\/pubeurope.com\/@ee\/115714629620796026","error":""},"_links":{"self":[{"href":"https:\/\/www.europesays.com\/ee\/wp-json\/wp\/v2\/posts\/63987","targetHints":{"allow":["GET"]}}],"collection":[{"href":"https:\/\/www.europesays.com\/ee\/wp-json\/wp\/v2\/posts"}],"about":[{"href":"https:\/\/www.europesays.com\/ee\/wp-json\/wp\/v2\/types\/post"}],"author":[{"embeddable":true,"href":"https:\/\/www.europesays.com\/ee\/wp-json\/wp\/v2\/users\/2"}],"replies":[{"embeddable":true,"href":"https:\/\/www.europesays.com\/ee\/wp-json\/wp\/v2\/comments?post=63987"}],"version-history":[{"count":0,"href":"https:\/\/www.europesays.com\/ee\/wp-json\/wp\/v2\/posts\/63987\/revisions"}],"wp:featuredmedia":[{"embeddable":true,"href":"https:\/\/www.europesays.com\/ee\/wp-json\/wp\/v2\/media\/63988"}],"wp:attachment":[{"href":"https:\/\/www.europesays.com\/ee\/wp-json\/wp\/v2\/media?parent=63987"}],"wp:term":[{"taxonomy":"category","embeddable":true,"href":"https:\/\/www.europesays.com\/ee\/wp-json\/wp\/v2\/categories?post=63987"},{"taxonomy":"post_tag","embeddable":true,"href":"https:\/\/www.europesays.com\/ee\/wp-json\/wp\/v2\/tags?post=63987"}],"curies":[{"name":"wp","href":"https:\/\/api.w.org\/{rel}","templated":true}]}}