{"id":64093,"date":"2025-12-14T07:12:07","date_gmt":"2025-12-14T07:12:07","guid":{"rendered":"https:\/\/www.europesays.com\/ee\/64093\/"},"modified":"2025-12-14T07:12:07","modified_gmt":"2025-12-14T07:12:07","slug":"terminali-kutuseketti-juhtivad-vennad-oleme-tihti-kriisidest-hoogu-juurde-saanud","status":"publish","type":"post","link":"https:\/\/www.europesays.com\/ee\/64093\/","title":{"rendered":"Terminali k\u00fctuseketti juhtivad vennad: oleme tihti kriisidest hoogu juurde saanud"},"content":{"rendered":"<p>Terminali lugu ulatub aastasse 1968, kui Tartust k\u00fcmmekonna kilomeetri kaugusel K\u00e4rknas valmis Tartu naftabaas. Raudseppade pere k\u00e4tte j\u00f5udis ettev\u00f5te 1990. aastatel. \u201eIsa valiti konkursi korras peadirektoriks, 1993. aasta 1. juuni oli esimene t\u00f6\u00f6p\u00e4ev tal,\u201c meenutab noorem poeg Raido (39). \u201eOli turbulentne aeg ja kogu Eesti k\u00fctuseturg l\u00e4ks erastamisele. <\/p>\n<p>Konkursi v\u00f5itsid ameeriklased Houstonist, aga nende huvi oli endale saada Tallinna transiiditerminal, et Venemaalt L\u00e4\u00e4nde naftat vedada,\u201c kirjeldab ta. \u00dclej\u00e4\u00e4nud amortiseerunud terminalid Tartus, P\u00e4rnus, Viljandis ja V\u00f5rus neid ei huvitanud. Perepea Mihkel l\u00e4ks aga inglise keele kursustele ja proovis ameeriklastega h\u00e4sti l\u00e4bi saada. \u201eAmeeriklased siis pakkusidki seda K\u00e4rkna baasi isale m\u00fc\u00fca. Isa oli heas m\u00f5ttes maapoiss, see oli ikka suur samm. Pangad laenu ei andnud ja siis andsid ameeriklased isale ise laenu,\u201c r\u00e4\u00e4gib Raido.<\/p>\n<p>Oled juba tellija?Logi sisse<\/p>\n<p><a href=\"https:\/\/arileht.delfi.ee\/artikkel\/120408831\/terminali-kutuseketti-juhtivad-vennad-oleme-tihti-kriisidest-hoogu-juurde-saanud\/kommentaarid\" class=\"article-body-bottom__comment article-body-bottom__comment--write button button--primary button--size-auto\" rel=\"nofollow noopener\" target=\"_blank\"> Kommenteeri <\/a><a href=\"https:\/\/arileht.delfi.ee\/artikkel\/120408831\/terminali-kutuseketti-juhtivad-vennad-oleme-tihti-kriisidest-hoogu-juurde-saanud\/kommentaarid\" class=\"article-body-bottom__comment article-body-bottom__comment--read button button--size-auto\" rel=\"nofollow noopener\" target=\"_blank\"> Loe kommentaare (1)<\/a><\/p>\n","protected":false},"excerpt":{"rendered":"Terminali lugu ulatub aastasse 1968, kui Tartust k\u00fcmmekonna kilomeetri kaugusel K\u00e4rknas valmis Tartu naftabaas. Raudseppade pere k\u00e4tte j\u00f5udis&hellip;\n","protected":false},"author":2,"featured_media":64094,"comment_status":"","ping_status":"","sticky":false,"template":"","format":"standard","meta":{"footnotes":"","_share_on_mastodon":"0"},"categories":[12],"tags":[26,27,37,33,35,34,36,31,32,21,28,29,32515,19,25,9086,23,24,22,20,30],"class_list":["post-64093","post","type-post","status-publish","format-standard","has-post-thumbnail","category-eesti","tag-breaking-news","tag-breakingnews","tag-ee","tag-eesti","tag-eesti-keel","tag-estonia","tag-estonian","tag-featured-news","tag-featurednews","tag-headlines","tag-latest-news","tag-latestnews","tag-magnaat","tag-news","tag-populaarseimad-lood","tag-terminal","tag-top-stories","tag-topstories","tag-uldised-uudised","tag-uudised","tag-viimased-uudised"],"share_on_mastodon":{"url":"https:\/\/pubeurope.com\/@ee\/115716682143660020","error":""},"_links":{"self":[{"href":"https:\/\/www.europesays.com\/ee\/wp-json\/wp\/v2\/posts\/64093","targetHints":{"allow":["GET"]}}],"collection":[{"href":"https:\/\/www.europesays.com\/ee\/wp-json\/wp\/v2\/posts"}],"about":[{"href":"https:\/\/www.europesays.com\/ee\/wp-json\/wp\/v2\/types\/post"}],"author":[{"embeddable":true,"href":"https:\/\/www.europesays.com\/ee\/wp-json\/wp\/v2\/users\/2"}],"replies":[{"embeddable":true,"href":"https:\/\/www.europesays.com\/ee\/wp-json\/wp\/v2\/comments?post=64093"}],"version-history":[{"count":0,"href":"https:\/\/www.europesays.com\/ee\/wp-json\/wp\/v2\/posts\/64093\/revisions"}],"wp:featuredmedia":[{"embeddable":true,"href":"https:\/\/www.europesays.com\/ee\/wp-json\/wp\/v2\/media\/64094"}],"wp:attachment":[{"href":"https:\/\/www.europesays.com\/ee\/wp-json\/wp\/v2\/media?parent=64093"}],"wp:term":[{"taxonomy":"category","embeddable":true,"href":"https:\/\/www.europesays.com\/ee\/wp-json\/wp\/v2\/categories?post=64093"},{"taxonomy":"post_tag","embeddable":true,"href":"https:\/\/www.europesays.com\/ee\/wp-json\/wp\/v2\/tags?post=64093"}],"curies":[{"name":"wp","href":"https:\/\/api.w.org\/{rel}","templated":true}]}}