{"id":64506,"date":"2025-12-14T17:38:13","date_gmt":"2025-12-14T17:38:13","guid":{"rendered":"https:\/\/www.europesays.com\/ee\/64506\/"},"modified":"2025-12-14T17:38:13","modified_gmt":"2025-12-14T17:38:13","slug":"valgevene-pikendas-viisavaba-sisenemise-eurooplastele-2026-aasta-lopuni","status":"publish","type":"post","link":"https:\/\/www.europesays.com\/ee\/64506\/","title":{"rendered":"Valgevene pikendas viisavaba sisenemise eurooplastele 2026. aasta l\u00f5puni"},"content":{"rendered":"<p>Valgevenes kehtivat viisavaba sisenemise korda Euroopa riikide kodanikele pikendati 2026. aasta l\u00f5puni, teatab Interfax viitega presidendi pressiteenistusele.<\/p>\n<p>\u201eValgevene Vabariigi presidendi otsusega on viisavaba sisenemise re\u017eiim 38 Euroopa riigi kodanikele pikendatud kuni 31. detsembrini 2026. Viisavaba sisenemise tingimused j\u00e4\u00e4vad endiseks,\u201c \u00f6eldakse teates.<\/p>\n<p>Teatatakse, et k\u00e4esoleva aasta 1. jaanuarist on Valgevenet viisavabalt k\u00fclastanud \u00fcle 210 000 v\u00e4liskodaniku. Kokku on meetme kehtimise ajal riiki sisenenud 1 242 466 v\u00e4lismaalast, enamasti Leedust, L\u00e4tist ja Poolast.<\/p>\n<p>Alates 15. aprillist 2022 kehtestati viisavaba sisenemise kord Leedu ja L\u00e4ti kodanikele, sealhulgas mittekodaniku staatusega isikutele. Alates 1. juulist 2022 laiendati sarnast re\u017eiimi Poola kodanikele, alates 19. juulist 2024 aga Austria, Andorra, Belgia, Bulgaaria, Bosnia ja Hertsegoviina, Vatikani, Suurbritannia, Ungari, Kreeka, Taani, Iirimaa, Islandi, Hispaania, Itaalia, K\u00fcprose, Liechtensteini, Luksemburgi, Malta, Monaco, Madalmaade, Norra, Portugali, Rumeenia, San Marino, P\u00f5hja-Makedoonia, Slovakkia, Sloveenia, Soome, Prantsusmaa, Saksamaa, Horvaatia, T\u0161ehhi, \u0160veitsi, Rootsi ja Eesti kodanikele (sealhulgas Eestis alaliselt elavatele kodakondsuseta isikutele).<\/p>\n","protected":false},"excerpt":{"rendered":"Valgevenes kehtivat viisavaba sisenemise korda Euroopa riikide kodanikele pikendati 2026. aasta l\u00f5puni, teatab Interfax viitega presidendi pressiteenistusele. \u201eValgevene&hellip;\n","protected":false},"author":2,"featured_media":64507,"comment_status":"","ping_status":"","sticky":false,"template":"","format":"standard","meta":{"footnotes":"","_share_on_mastodon":"0"},"categories":[80],"tags":[26,27,37,33,35,34,36,112,31,32,21,28,29,95,19,25,1250,23,24,3436,5580,22,20,2170,30,7438,32721,92,93,94],"class_list":["post-64506","post","type-post","status-publish","format-standard","has-post-thumbnail","category-maailm","tag-breaking-news","tag-breakingnews","tag-ee","tag-eesti","tag-eesti-keel","tag-estonia","tag-estonian","tag-euroopa","tag-featured-news","tag-featurednews","tag-headlines","tag-latest-news","tag-latestnews","tag-maailm","tag-news","tag-populaarseimad-lood","tag-reisimine","tag-top-stories","tag-topstories","tag-turism","tag-turistid","tag-uldised-uudised","tag-uudised","tag-valgevene","tag-viimased-uudised","tag-viisa","tag-viisavaba","tag-world","tag-world-news","tag-worldnews"],"share_on_mastodon":{"url":"https:\/\/pubeurope.com\/@ee\/115719143620948251","error":""},"_links":{"self":[{"href":"https:\/\/www.europesays.com\/ee\/wp-json\/wp\/v2\/posts\/64506","targetHints":{"allow":["GET"]}}],"collection":[{"href":"https:\/\/www.europesays.com\/ee\/wp-json\/wp\/v2\/posts"}],"about":[{"href":"https:\/\/www.europesays.com\/ee\/wp-json\/wp\/v2\/types\/post"}],"author":[{"embeddable":true,"href":"https:\/\/www.europesays.com\/ee\/wp-json\/wp\/v2\/users\/2"}],"replies":[{"embeddable":true,"href":"https:\/\/www.europesays.com\/ee\/wp-json\/wp\/v2\/comments?post=64506"}],"version-history":[{"count":0,"href":"https:\/\/www.europesays.com\/ee\/wp-json\/wp\/v2\/posts\/64506\/revisions"}],"wp:featuredmedia":[{"embeddable":true,"href":"https:\/\/www.europesays.com\/ee\/wp-json\/wp\/v2\/media\/64507"}],"wp:attachment":[{"href":"https:\/\/www.europesays.com\/ee\/wp-json\/wp\/v2\/media?parent=64506"}],"wp:term":[{"taxonomy":"category","embeddable":true,"href":"https:\/\/www.europesays.com\/ee\/wp-json\/wp\/v2\/categories?post=64506"},{"taxonomy":"post_tag","embeddable":true,"href":"https:\/\/www.europesays.com\/ee\/wp-json\/wp\/v2\/tags?post=64506"}],"curies":[{"name":"wp","href":"https:\/\/api.w.org\/{rel}","templated":true}]}}