{"id":64534,"date":"2025-12-14T18:35:16","date_gmt":"2025-12-14T18:35:16","guid":{"rendered":"https:\/\/www.europesays.com\/ee\/64534\/"},"modified":"2025-12-14T18:35:16","modified_gmt":"2025-12-14T18:35:16","slug":"ekspert-selgitab-%e2%9f%a9-millised-on-levinumad-puhadega-kaasas-kaivad-onnetused-ja-kuidas-saaks-neid-valtida","status":"publish","type":"post","link":"https:\/\/www.europesays.com\/ee\/64534\/","title":{"rendered":"EKSPERT SELGITAB \u27e9 Millised on levinumad p\u00fchadega kaasas k\u00e4ivad \u00f5nnetused ja kuidas saaks neid v\u00e4ltida?"},"content":{"rendered":"<p>\u00abK\u00f5ige sagedamini tuleb p\u00fchade ajal ette \u00f5nnetusi elava tule, kuuskede ja elektriseadmetega. N\u00e4iteks on meil olnud juhtumeid, kus kuusk kastetakse \u00fcle, robot-tolmuimeja s\u00f5idab sellele vastu ja ajab j\u00f5ulupuu \u00fcmber. See tekitab veekahju nii p\u00f5randale kui ka tolmuimejale,\u00bb selgitab Coop Panga kindlustuse \u00e4riliini juht Raivo Piibor.<\/p>\n<p>Niisamuti v\u00f5ivad Piibori s\u00f5nul kuuse \u00fcmber ajada ka lapsed ja lemmikloomad, tekitades kahju nii endale kui \u00fcmberkaudsetele esemetele. \u00abKui kass h\u00fcppab kuusele v\u00f5i koer t\u00f5mbab valgustijuhtme endaga kaasa, v\u00f5ivad kahjustada saada nii kaunistused kui \u00fcmberkaudsed inimesed ja esemed,\u00bb s\u00f5nab ta.<\/p>\n","protected":false},"excerpt":{"rendered":"\u00abK\u00f5ige sagedamini tuleb p\u00fchade ajal ette \u00f5nnetusi elava tule, kuuskede ja elektriseadmetega. N\u00e4iteks on meil olnud juhtumeid, kus&hellip;\n","protected":false},"author":2,"featured_media":64535,"comment_status":"","ping_status":"","sticky":false,"template":"","format":"standard","meta":{"footnotes":"","_share_on_mastodon":"0"},"categories":[5],"tags":[26,27,37,33,35,34,36,31,32,21,12286,28,29,19,2674,25,23,24,22,20,30],"class_list":["post-64534","post","type-post","status-publish","format-standard","has-post-thumbnail","category-uldised-uudised","tag-breaking-news","tag-breakingnews","tag-ee","tag-eesti","tag-eesti-keel","tag-estonia","tag-estonian","tag-featured-news","tag-featurednews","tag-headlines","tag-joulud","tag-latest-news","tag-latestnews","tag-news","tag-onnetused","tag-populaarseimad-lood","tag-top-stories","tag-topstories","tag-uldised-uudised","tag-uudised","tag-viimased-uudised"],"share_on_mastodon":{"url":"https:\/\/pubeurope.com\/@ee\/115719368146264045","error":""},"_links":{"self":[{"href":"https:\/\/www.europesays.com\/ee\/wp-json\/wp\/v2\/posts\/64534","targetHints":{"allow":["GET"]}}],"collection":[{"href":"https:\/\/www.europesays.com\/ee\/wp-json\/wp\/v2\/posts"}],"about":[{"href":"https:\/\/www.europesays.com\/ee\/wp-json\/wp\/v2\/types\/post"}],"author":[{"embeddable":true,"href":"https:\/\/www.europesays.com\/ee\/wp-json\/wp\/v2\/users\/2"}],"replies":[{"embeddable":true,"href":"https:\/\/www.europesays.com\/ee\/wp-json\/wp\/v2\/comments?post=64534"}],"version-history":[{"count":0,"href":"https:\/\/www.europesays.com\/ee\/wp-json\/wp\/v2\/posts\/64534\/revisions"}],"wp:featuredmedia":[{"embeddable":true,"href":"https:\/\/www.europesays.com\/ee\/wp-json\/wp\/v2\/media\/64535"}],"wp:attachment":[{"href":"https:\/\/www.europesays.com\/ee\/wp-json\/wp\/v2\/media?parent=64534"}],"wp:term":[{"taxonomy":"category","embeddable":true,"href":"https:\/\/www.europesays.com\/ee\/wp-json\/wp\/v2\/categories?post=64534"},{"taxonomy":"post_tag","embeddable":true,"href":"https:\/\/www.europesays.com\/ee\/wp-json\/wp\/v2\/tags?post=64534"}],"curies":[{"name":"wp","href":"https:\/\/api.w.org\/{rel}","templated":true}]}}