{"id":64556,"date":"2025-12-14T19:04:11","date_gmt":"2025-12-14T19:04:11","guid":{"rendered":"https:\/\/www.europesays.com\/ee\/64556\/"},"modified":"2025-12-14T19:04:11","modified_gmt":"2025-12-14T19:04:11","slug":"flicki-ei-huvita-alonso-voimalik-vallandamine-see-on-nende-probleem-soccernet-ee","status":"publish","type":"post","link":"https:\/\/www.europesays.com\/ee\/64556\/","title":{"rendered":"Flicki ei huvita Alonso v\u00f5imalik vallandamine: see on nende probleem &#8211; Soccernet.ee"},"content":{"rendered":"<p><img decoding=\"async\" src=\"https:\/\/www.europesays.com\/ee\/wp-content\/uploads\/2025\/12\/1765734486.jpg\" alt=\"Barcelona peatreener Hansi Flick. Foto: Scanpix \/ Matthieu Mirville \/ ZUMA Press Wire\"\/>&#13;\n<\/p>\n<p>Viimastel n\u00e4dalatel on Hispaania meedias palju k\u00f5neainet pakkunud Real Madridi kehvad tulemused ja Xabi Alonso v\u00f5imalik vallandamine. Mida arvab sellest Barcelona juhendaja Hansi Flick?<\/p>\n<p>Barcelona alistas laup\u00e4eval Hispaania k\u00f5rgliigas kodus Osasuna 2:0 ja kasvatas tabeli tipus edu Real Madridi ees seitsmele punktile. P\u00e4rast kohtumist k\u00fcsiti Flickilt kommentaari Alonso \u00fcmber k\u00e4ivate juttude kohta. Barcelona peatreener j\u00e4i viisakaks, aga tegi samal ajal rivaalklubi suunas peene torke.\u00a0&#13;\n<\/p>\n<p>&#8220;Ma ei taha konkurentidest r\u00e4\u00e4kida. See k\u00fcsimus pole mulle. Kui meie v\u00f5it paneb vastased surve alla, siis see on nende probleem. Peame sellel tasemel j\u00e4tkama. M\u00e4ngisime h\u00e4sti, meil on k\u00f5ik m\u00e4ngijad olemas ja peaaegu k\u00f5ik sada protsenti valmis. Mind ei huvita muud asjad,&#8221; vahendab Flicki s\u00f5nu v\u00e4ljaanne Football Espana.&#13;\n<\/p>\n<p>Barcelona on k\u00e4imasoleval liigahooajal v\u00f5itnud 14, viigistanud \u00fche ja kaotanud kaks kohtumist. Seejuures on Flicki juhendataval meeskonnal koduliigas k\u00e4sil seitsmem\u00e4nguline v\u00f5iduseeria. Barcelona kaotas viimati liigam\u00e4ngu 26. oktoobril, kui v\u00f5\u00f5rsil j\u00e4\u00e4di 1:2 alla Real Madridile.&#13;\n<\/p>\n<p>&#13;<\/p>\n","protected":false},"excerpt":{"rendered":"&#13; Viimastel n\u00e4dalatel on Hispaania meedias palju k\u00f5neainet pakkunud Real Madridi kehvad tulemused ja Xabi Alonso v\u00f5imalik vallandamine.&hellip;\n","protected":false},"author":2,"featured_media":64557,"comment_status":"","ping_status":"","sticky":false,"template":"","format":"standard","meta":{"footnotes":"","_share_on_mastodon":"0"},"categories":[18],"tags":[1741,37,33,35,34,36,7628,12679,110,3330,606,3073,609,159,158],"class_list":["post-64556","post","type-post","status-publish","format-standard","has-post-thumbnail","category-sport","tag-barcelona","tag-ee","tag-eesti","tag-eesti-keel","tag-estonia","tag-estonian","tag-flick","tag-hansi-flick","tag-hispaania","tag-hispaania-korgliiga","tag-la-liga","tag-real","tag-real-madrid","tag-sport","tag-sports"],"share_on_mastodon":{"url":"https:\/\/pubeurope.com\/@ee\/115719481857454354","error":""},"_links":{"self":[{"href":"https:\/\/www.europesays.com\/ee\/wp-json\/wp\/v2\/posts\/64556","targetHints":{"allow":["GET"]}}],"collection":[{"href":"https:\/\/www.europesays.com\/ee\/wp-json\/wp\/v2\/posts"}],"about":[{"href":"https:\/\/www.europesays.com\/ee\/wp-json\/wp\/v2\/types\/post"}],"author":[{"embeddable":true,"href":"https:\/\/www.europesays.com\/ee\/wp-json\/wp\/v2\/users\/2"}],"replies":[{"embeddable":true,"href":"https:\/\/www.europesays.com\/ee\/wp-json\/wp\/v2\/comments?post=64556"}],"version-history":[{"count":0,"href":"https:\/\/www.europesays.com\/ee\/wp-json\/wp\/v2\/posts\/64556\/revisions"}],"wp:featuredmedia":[{"embeddable":true,"href":"https:\/\/www.europesays.com\/ee\/wp-json\/wp\/v2\/media\/64557"}],"wp:attachment":[{"href":"https:\/\/www.europesays.com\/ee\/wp-json\/wp\/v2\/media?parent=64556"}],"wp:term":[{"taxonomy":"category","embeddable":true,"href":"https:\/\/www.europesays.com\/ee\/wp-json\/wp\/v2\/categories?post=64556"},{"taxonomy":"post_tag","embeddable":true,"href":"https:\/\/www.europesays.com\/ee\/wp-json\/wp\/v2\/tags?post=64556"}],"curies":[{"name":"wp","href":"https:\/\/api.w.org\/{rel}","templated":true}]}}