{"id":64934,"date":"2025-12-15T11:08:17","date_gmt":"2025-12-15T11:08:17","guid":{"rendered":"https:\/\/www.europesays.com\/ee\/64934\/"},"modified":"2025-12-15T11:08:17","modified_gmt":"2025-12-15T11:08:17","slug":"newcastlei-kaitsja-viidi-derbimangult-haiglasse-peatreener-olukord-on-tosine-soccernet-ee","status":"publish","type":"post","link":"https:\/\/www.europesays.com\/ee\/64934\/","title":{"rendered":"Newcastle&#8217;i kaitsja viidi derbim\u00e4ngult haiglasse. Peatreener: olukord on t\u00f5sine &#8211; Soccernet.ee"},"content":{"rendered":"<p><img decoding=\"async\" src=\"https:\/\/www.europesays.com\/ee\/wp-content\/uploads\/2025\/12\/1765785672.jpg\" alt=\"Dan Burn lahkus derbim\u00e4ngus v\u00e4ljakult 42. minutil. Foto: Scanpix \/ Phil Duncan \/ Every Second Media\"\/>&#13;\n<\/p>\n<p>Newcastle&#8217;i keskkaitsja Dan Burni jaoks l\u00f5ppes p\u00fchap\u00e4evane derbim\u00e4ng enneaegselt. Inglane viidi haiglasse ning meeskonna peatreener andis hiljem m\u00e4rku, et olukord on t\u00f5sine.<\/p>\n<p>Newcastle k\u00fclastas Premier League&#8217;i 16. voorus oma suurimat rivaali Sunderlandi. Kodumeeskond sai Stadium of Lightil magusa 1:0 v\u00f5idu, ent kohtumist j\u00e4i varjutama esimesel poolajal aset leidnud intsident, kus Sunderlandi \u00e4\u00e4rekaitsja Nordi Mukiele ja Newcastle&#8217;i keskkaitsja Burn \u00fcritasid libistades palli v\u00f5ita. Mehed p\u00f5rkasid omavahel kokku ning vastase jalg tabas Burni k\u00f5hupiirkonda.&#13;\n<\/p>\n<p>P\u00e4rast v\u00e4ikest toibumispausi j\u00e4tkas inglane m\u00e4ngimist, kuid 41. minutil andis ta m\u00e4rku, et vajab vahetust. Newcastle&#8217;i peatreener Eddie Howe r\u00e4\u00e4kis p\u00e4rast mat\u0161i ajakirjanikele, et Burnil tekkisid vaheajal hingamisraskused, mist\u00f5ttu viidi ta staadionilt otse haiglasse. Inglismaa meedia kahtlustab roidevigastust.&#13;\n<\/p>\n<p>&#8220;Loodetavasti on Burniga k\u00f5ik korras,&#8221; r\u00e4\u00e4kis Howe Sky Sportsile antud teleintervjuus. Hiljem toimunud pressikonverentsil t\u00f5des k\u00fclaliste juhendaja, et olukord on t\u00f5sine, vahendab The Athletic.<\/p>\n<p>Lisaks palus Howe Newcastle&#8217;i f\u00e4nnidelt kaotuse p\u00e4rast vabandust. &#8220;See j\u00e4\u00e4b pikaks ajaks kipitama,&#8221; s\u00f5nas Howe. &#8220;Teame, et meie esitus ei olnud sel tasemel, mis see oleks pidanud olema. Kaitsesime \u00fcsna h\u00e4sti, m\u00f5lemal meeskonnal oli v\u00e4ga v\u00e4he v\u00f5imalusi, kuid \u00fcks moment m\u00e4ngis meie vastu. See oli kummaline v\u00e4rav, mida sisse lasta.&#8221;&#13;\n<\/p>\n<p>&#8220;Iga kaotusega kaasneb kriitika, kuid seekord on see valjem ja tugevam m\u00e4ngu olulisuse t\u00f5ttu. Vabandan meie esituse p\u00e4rast \u2014 eelk\u00f5ige r\u00fcndem\u00e4ngu puudumise eest, mille \u00fcle oleme p\u00fc\u00fcdnud uhked olla,&#8221; m\u00e4rkis Howe, kelle tiim asub 22 punktiga 12. kohal.&#13;<\/p>\n","protected":false},"excerpt":{"rendered":"&#13; Newcastle&#8217;i keskkaitsja Dan Burni jaoks l\u00f5ppes p\u00fchap\u00e4evane derbim\u00e4ng enneaegselt. Inglane viidi haiglasse ning meeskonna peatreener andis hiljem&hellip;\n","protected":false},"author":2,"featured_media":64935,"comment_status":"","ping_status":"","sticky":false,"template":"","format":"standard","meta":{"footnotes":"","_share_on_mastodon":"0"},"categories":[18],"tags":[18679,18680,18421,37,33,35,34,36,18423,1615,6335,808,159,158,1616],"class_list":["post-64934","post","type-post","status-publish","format-standard","has-post-thumbnail","category-sport","tag-burn","tag-dan-burn","tag-eddie-howe","tag-ee","tag-eesti","tag-eesti-keel","tag-estonia","tag-estonian","tag-howe","tag-newcastle","tag-newcastle-united","tag-premier-league","tag-sport","tag-sports","tag-sunderland"],"share_on_mastodon":{"url":"https:\/\/pubeurope.com\/@ee\/115723272542656948","error":""},"_links":{"self":[{"href":"https:\/\/www.europesays.com\/ee\/wp-json\/wp\/v2\/posts\/64934","targetHints":{"allow":["GET"]}}],"collection":[{"href":"https:\/\/www.europesays.com\/ee\/wp-json\/wp\/v2\/posts"}],"about":[{"href":"https:\/\/www.europesays.com\/ee\/wp-json\/wp\/v2\/types\/post"}],"author":[{"embeddable":true,"href":"https:\/\/www.europesays.com\/ee\/wp-json\/wp\/v2\/users\/2"}],"replies":[{"embeddable":true,"href":"https:\/\/www.europesays.com\/ee\/wp-json\/wp\/v2\/comments?post=64934"}],"version-history":[{"count":0,"href":"https:\/\/www.europesays.com\/ee\/wp-json\/wp\/v2\/posts\/64934\/revisions"}],"wp:featuredmedia":[{"embeddable":true,"href":"https:\/\/www.europesays.com\/ee\/wp-json\/wp\/v2\/media\/64935"}],"wp:attachment":[{"href":"https:\/\/www.europesays.com\/ee\/wp-json\/wp\/v2\/media?parent=64934"}],"wp:term":[{"taxonomy":"category","embeddable":true,"href":"https:\/\/www.europesays.com\/ee\/wp-json\/wp\/v2\/categories?post=64934"},{"taxonomy":"post_tag","embeddable":true,"href":"https:\/\/www.europesays.com\/ee\/wp-json\/wp\/v2\/tags?post=64934"}],"curies":[{"name":"wp","href":"https:\/\/api.w.org\/{rel}","templated":true}]}}