{"id":6553,"date":"2025-09-28T07:40:07","date_gmt":"2025-09-28T07:40:07","guid":{"rendered":"https:\/\/www.europesays.com\/ee\/6553\/"},"modified":"2025-09-28T07:40:07","modified_gmt":"2025-09-28T07:40:07","slug":"marc-marquez-krooniti-pika-pausi-jarel-taas-motogp-maailmameistriks-motosport","status":"publish","type":"post","link":"https:\/\/www.europesays.com\/ee\/6553\/","title":{"rendered":"Marc Marquez krooniti pika pausi j\u00e4rel taas MotoGP maailmameistriks | Motosport"},"content":{"rendered":"<p>Mootorrataste ringrajas\u00f5idu MM-sarja (MotoGP) etapi Jaapanis Motegi ringrajal v\u00f5itis itaallane Francesco Bagnaia (Ducati), kuid teisena l\u00f5petanud Marc Marquez (Ducati; +4,196) kindlustas maailmameistritiitli.<\/p>\n<p>T\u00e4navu suurep\u00e4rases hoos olnud ja vahepeal koguni seitse etappi j\u00e4rjest v\u00f5itnud Marquez sai vajalikud punktid kokku juba viis etappi enne hooaja l\u00f5ppu ning kindlustas nii karj\u00e4\u00e4ri seitsmenda MM-tiitli.<\/p>\n<p>K\u00f5ige kangemas klassis t\u00f5usis Marquez tiitlite arvult legendaarse itaallase Valentino Rossi k\u00f5rvale, kes hankis oma v\u00f5idud perioodil 2001-2009. Neid edestab \u00fcks teine itaallane Giacomo Agostini, kes tuli 1960. ja 1970. aastatel kokku kaheksa korda maailmameistriks.<\/p>\n<p>Seejuures j\u00e4\u00e4b Marquezi esimese ja seni viimase tiitli vahele suurem ajaperiood &#8211; esimest korda krooniti ta MotoGP maailmameistriks juba tosin hooaega tagasi ja vahepeal oli pikk paus, sest kuues tiitel tuli 2019. aastal.<\/p>\n<blockquote class=\"twitter-tweet\" data-media-max-width=\"560\">\n<p lang=\"en\" dir=\"ltr\">Officially etched in history <a href=\"https:\/\/twitter.com\/marcmarquez93?ref_src=twsrc%5Etfw\" rel=\"nofollow noopener\" target=\"_blank\">@marcmarquez93<\/a> <a href=\"https:\/\/twitter.com\/hashtag\/MoreThanANumber?src=hash&amp;ref_src=twsrc%5Etfw\" rel=\"nofollow noopener\" target=\"_blank\">#MoreThanANumber<\/a> <a href=\"https:\/\/t.co\/zMBQ6kO1ji\" rel=\"nofollow\">pic.twitter.com\/zMBQ6kO1ji<\/a><\/p>\n<p>\u2014 MotoGP\u2122 (@MotoGP) <a href=\"https:\/\/twitter.com\/MotoGP\/status\/1972179794767782096?ref_src=twsrc%5Etfw\" rel=\"nofollow noopener\" target=\"_blank\">September 28, 2025<\/a><\/p><\/blockquote>\n<p>Motegi v\u00f5idukihutamisel j\u00e4rgnesid oma hooaja teise etapiv\u00f5idu teeninud Bagnaiale ja Marquezile hispaanlane Joan Mir (Honda; +6,858), Marco Bezzecchi (Aprilia; +10,128), Franco Morbidelli (VR48; +10,421) ja venna suurim konkurent Alex Marquez (Gresini; +14,544).<\/p>\n<p><script async src=\"https:\/\/platform.twitter.com\/widgets.js\" charset=\"utf-8\"><\/script><\/p>\n","protected":false},"excerpt":{"rendered":"Mootorrataste ringrajas\u00f5idu MM-sarja (MotoGP) etapi Jaapanis Motegi ringrajal v\u00f5itis itaallane Francesco Bagnaia (Ducati), kuid teisena l\u00f5petanud Marc Marquez&hellip;\n","protected":false},"author":2,"featured_media":6554,"comment_status":"","ping_status":"","sticky":false,"template":"","format":"standard","meta":{"footnotes":"","_share_on_mastodon":"0"},"categories":[18],"tags":[37,33,35,34,36,5249,5248,4880,159,158],"class_list":["post-6553","post","type-post","status-publish","format-standard","has-post-thumbnail","category-sport","tag-ee","tag-eesti","tag-eesti-keel","tag-estonia","tag-estonian","tag-francesco-bagnaia","tag-marc-marquez","tag-motogp","tag-sport","tag-sports"],"share_on_mastodon":{"url":"","error":""},"_links":{"self":[{"href":"https:\/\/www.europesays.com\/ee\/wp-json\/wp\/v2\/posts\/6553","targetHints":{"allow":["GET"]}}],"collection":[{"href":"https:\/\/www.europesays.com\/ee\/wp-json\/wp\/v2\/posts"}],"about":[{"href":"https:\/\/www.europesays.com\/ee\/wp-json\/wp\/v2\/types\/post"}],"author":[{"embeddable":true,"href":"https:\/\/www.europesays.com\/ee\/wp-json\/wp\/v2\/users\/2"}],"replies":[{"embeddable":true,"href":"https:\/\/www.europesays.com\/ee\/wp-json\/wp\/v2\/comments?post=6553"}],"version-history":[{"count":0,"href":"https:\/\/www.europesays.com\/ee\/wp-json\/wp\/v2\/posts\/6553\/revisions"}],"wp:featuredmedia":[{"embeddable":true,"href":"https:\/\/www.europesays.com\/ee\/wp-json\/wp\/v2\/media\/6554"}],"wp:attachment":[{"href":"https:\/\/www.europesays.com\/ee\/wp-json\/wp\/v2\/media?parent=6553"}],"wp:term":[{"taxonomy":"category","embeddable":true,"href":"https:\/\/www.europesays.com\/ee\/wp-json\/wp\/v2\/categories?post=6553"},{"taxonomy":"post_tag","embeddable":true,"href":"https:\/\/www.europesays.com\/ee\/wp-json\/wp\/v2\/tags?post=6553"}],"curies":[{"name":"wp","href":"https:\/\/api.w.org\/{rel}","templated":true}]}}