{"id":65566,"date":"2025-12-16T03:41:10","date_gmt":"2025-12-16T03:41:10","guid":{"rendered":"https:\/\/www.europesays.com\/ee\/65566\/"},"modified":"2025-12-16T03:41:10","modified_gmt":"2025-12-16T03:41:10","slug":"ulevaade-%e2%9f%a9-sydney-tulistaja-oli-juba-varasemast-julgeolekujoudude-tahelepanu-all-maailm-postimees-ee","status":"publish","type":"post","link":"https:\/\/www.europesays.com\/ee\/65566\/","title":{"rendered":"\u00dcLEVAADE \u27e9 Sydney tulistaja oli juba varasemast julgeolekuj\u00f5udude t\u00e4helepanu all &#8211; Maailm &#8211; Postimees.ee"},"content":{"rendered":"<ol>\n<li><a href=\"https:\/\/news.google.com\/rss\/articles\/CBMitAFBVV95cUxNWHB6MnN2MHR0U0QzTHJVbXZrVWZZXzYzSkhBTkxvMlZ0Y3gwa2IweFdyem51dUhyd1BCa2xDN250dzgtTjFvcmVZX3V0QkxGeENZNUxfNTNLTVY1cmszTFVXX0JBTUJtMHJ3NDd3VFFabXJlenZKb3ZSSUI3TG5fSUZZOUZzaXp4U0NjTVFyTWxndGJHaGR6clF4aWc4OERtcU1YZGpDU3BBWEZoMHNtWThpa1o?oc=5\" target=\"_blank\" rel=\"nofollow noopener\">\u00dcLEVAADE \u27e9 Sydney tulistaja oli juba varasemast julgeolekuj\u00f5udude t\u00e4helepanu all<\/a>&nbsp;&nbsp;Maailm &#8211; Postimees.ee<\/li>\n<li><a href=\"https:\/\/news.google.com\/rss\/articles\/CBMimAFBVV95cUxOdWpsU1YxX1FFUFVyU0RpVXBRQjlhQUcxQ2NNeTZpSjdkcmZ5NVk5X0Y0WFAwMG5WYnZleFZNQURpQW5FYUcyc3l6UXFpNmZMbmpQQWlVV3ZoTG81UlFXX3o4WDZ4UVVlaFoteFpiN2NxeWFDZzBkTkhHNmN1Vm5fdnlia1lqam1IS1dpMHAxTGE4emROaGhwWQ?oc=5\" target=\"_blank\" rel=\"nofollow noopener\">Sydneys juudip\u00fcha t\u00e4histajaid tulistanud mehed olid isa ja poeg<\/a>&nbsp;&nbsp;ERR<\/li>\n<li><a href=\"https:\/\/news.google.com\/rss\/articles\/CBMi8gFBVV95cUxNVWo4QXdkbGVwVWVOMDBGSHVMNmo2TFZBTHF2SjE4dHZtS3poT3lHcURXcm1oalFTMVRKTHN0bkFNajFEZk1USy1MWjhFQmdxSU9PUTEwU0VlZkNuTjI2ZUdGX1NHWG1vdGM3RFczSzJFUGtMd3BCaWZGUXdGa0phOVpCLVVWQXU3ZDhvTlRHTFI4ZnI0dnotdkxqTUtCTHVEUmluZW9kejVCNDFRenpidFhWclVVUmh0MkxDUzRWQllDNkJKTDU0TGtCNWlJZVlfdy1meUZBN3JJRDdwVEFvQnM5LXB1ZTFaZzYyd0hrOEpxdw?oc=5\" target=\"_blank\" rel=\"nofollow noopener\">\u00d5L VIDEO | Austraalia terrorir\u00fcnnaku tunnistajaks olnud eestlanna: kisa l\u00f5ppes, aga kopterim\u00fcrin ja sireenid kostsid veel mitu tundi<\/a>&nbsp;&nbsp;\u00d5htuleht<\/li>\n<li><a href=\"https:\/\/news.google.com\/rss\/articles\/CBMitwFBVV95cUxNdk1xdXRNSUVGSnhielo1eGNQUGZaalgtaHdJVXFMckFobDhRbHlwR0s0dTFFZklWWWJhcmJNSjRMNHZDZ1lRaHpKVlNndmhVUllXcGxVMGRndDJ6M0QydWI5aWtBdVpfMGY0THl0QkZqeFZhbFJPQnBRVG9SbGhwOXJCczZiWHVwV3RLX1lRZ1d2eEIzZXNja2dhNHFZLWdLUTROUS03V0xELV9fODFKalNVVlNUbWM?oc=5\" target=\"_blank\" rel=\"nofollow noopener\">Austraalia massitulistamise korraldasid relvad seaduslikult hankinud isa ja poeg<\/a>&nbsp;&nbsp;Maailm &#8211; Postimees.ee<\/li>\n<li><a href=\"https:\/\/news.google.com\/rss\/articles\/CBMiwwFBVV95cUxQMjVRMmFGcmFoZDZ0OFVnSTlidTgwUWJ6YUJzNUdzS19ac2VxWVVubGlONm1DVGRtdVRJXzd0QmlmT3BsZnFaY0FFSlN4QWUzUW5wd09uamV0NWRrOWdwekZZcm5vUXF5enRHdHJZaVRVWnB4aUpMWHlBa2xiUzBLMEZ4dHBZWFUtTDVBRmhJZmIySHlYX29oSlZCb2ZmcTBFdnVoSDhnSGJNcm9FTW5SVF8wX2FtTnAwa2kzbzhJRE04bXM?oc=5\" target=\"_blank\" rel=\"nofollow noopener\">Austraalia terrorir\u00fcnnakus hukkunute arv t\u00f5usis 15-ni. R\u00fcnnaku korraldasid isa ja poeg<\/a>&nbsp;&nbsp;Delfi<\/li>\n<\/ol>\n","protected":false},"excerpt":{"rendered":"\u00dcLEVAADE \u27e9 Sydney tulistaja oli juba varasemast julgeolekuj\u00f5udude t\u00e4helepanu all&nbsp;&nbsp;Maailm &#8211; Postimees.ee Sydneys juudip\u00fcha t\u00e4histajaid tulistanud mehed olid&hellip;\n","protected":false},"author":2,"featured_media":65567,"comment_status":"","ping_status":"","sticky":false,"template":"","format":"standard","meta":{"footnotes":"","_share_on_mastodon":"0"},"categories":[80],"tags":[4141,1553,26,27,37,33,35,34,36,31,32,21,28,29,95,19,25,4250,99,23,24,2051,22,20,30,92,93,94],"class_list":["post-65566","post","type-post","status-publish","format-standard","has-post-thumbnail","category-maailm","tag-antisemitism","tag-austraalia","tag-breaking-news","tag-breakingnews","tag-ee","tag-eesti","tag-eesti-keel","tag-estonia","tag-estonian","tag-featured-news","tag-featurednews","tag-headlines","tag-latest-news","tag-latestnews","tag-maailm","tag-news","tag-populaarseimad-lood","tag-sydney","tag-terrorism","tag-top-stories","tag-topstories","tag-tulistamine","tag-uldised-uudised","tag-uudised","tag-viimased-uudised","tag-world","tag-world-news","tag-worldnews"],"share_on_mastodon":{"url":"https:\/\/pubeurope.com\/@ee\/115727177043456841","error":""},"_links":{"self":[{"href":"https:\/\/www.europesays.com\/ee\/wp-json\/wp\/v2\/posts\/65566","targetHints":{"allow":["GET"]}}],"collection":[{"href":"https:\/\/www.europesays.com\/ee\/wp-json\/wp\/v2\/posts"}],"about":[{"href":"https:\/\/www.europesays.com\/ee\/wp-json\/wp\/v2\/types\/post"}],"author":[{"embeddable":true,"href":"https:\/\/www.europesays.com\/ee\/wp-json\/wp\/v2\/users\/2"}],"replies":[{"embeddable":true,"href":"https:\/\/www.europesays.com\/ee\/wp-json\/wp\/v2\/comments?post=65566"}],"version-history":[{"count":0,"href":"https:\/\/www.europesays.com\/ee\/wp-json\/wp\/v2\/posts\/65566\/revisions"}],"wp:featuredmedia":[{"embeddable":true,"href":"https:\/\/www.europesays.com\/ee\/wp-json\/wp\/v2\/media\/65567"}],"wp:attachment":[{"href":"https:\/\/www.europesays.com\/ee\/wp-json\/wp\/v2\/media?parent=65566"}],"wp:term":[{"taxonomy":"category","embeddable":true,"href":"https:\/\/www.europesays.com\/ee\/wp-json\/wp\/v2\/categories?post=65566"},{"taxonomy":"post_tag","embeddable":true,"href":"https:\/\/www.europesays.com\/ee\/wp-json\/wp\/v2\/tags?post=65566"}],"curies":[{"name":"wp","href":"https:\/\/api.w.org\/{rel}","templated":true}]}}