{"id":65780,"date":"2025-12-16T09:35:08","date_gmt":"2025-12-16T09:35:08","guid":{"rendered":"https:\/\/www.europesays.com\/ee\/65780\/"},"modified":"2025-12-16T09:35:08","modified_gmt":"2025-12-16T09:35:08","slug":"laane-virumaa-korgeim-tunnustus-ootab-kandidaate","status":"publish","type":"post","link":"https:\/\/www.europesays.com\/ee\/65780\/","title":{"rendered":"L\u00e4\u00e4ne-Virumaa k\u00f5rgeim tunnustus ootab kandidaate"},"content":{"rendered":"<p>V\u00e4lja antakse kahte liiki vapim\u00e4rke. L\u00e4\u00e4ne-Viru maakonna kuldse vapim\u00e4rgi saab inimene, kes oma silmapaistva t\u00f6\u00f6 ja tegevusega kultuuri, spordi, hariduse, sotsiaal- ja tervishoiu, majanduse, maaelu arendamise jm valdkonnas on oluliselt kaasa aidanud L\u00e4\u00e4ne-Virumaa arengule. Samuti muude saavutuste eest, mis on toonud au ja tunnustust maakonnale. Kandidaat ei pea olema maakonna elanik.<\/p>\n<p>L\u00e4\u00e4ne-Virumaa h\u00f5bedane vapim\u00e4rk antakse mitte-eestlasele maakonnale osutatud eriliste teenete eest ja v\u00e4ljapaistvate saavutuste tunnustamiseks.<\/p>\n","protected":false},"excerpt":{"rendered":"V\u00e4lja antakse kahte liiki vapim\u00e4rke. L\u00e4\u00e4ne-Viru maakonna kuldse vapim\u00e4rgi saab inimene, kes oma silmapaistva t\u00f6\u00f6 ja tegevusega kultuuri,&hellip;\n","protected":false},"author":2,"featured_media":65781,"comment_status":"","ping_status":"","sticky":false,"template":"","format":"standard","meta":{"footnotes":"","_share_on_mastodon":"0"},"categories":[12],"tags":[33478,26,27,37,33,35,34,36,31,32,21,33480,33481,33482,33486,33483,20153,28,29,33479,33485,19,33484,25,17387,22114,23,24,22,20,30],"class_list":["post-65780","post","type-post","status-publish","format-standard","has-post-thumbnail","category-eesti","tag-aga","tag-breaking-news","tag-breakingnews","tag-ee","tag-eesti","tag-eesti-keel","tag-estonia","tag-estonian","tag-featured-news","tag-featurednews","tag-headlines","tag-hobedane-vapimark","tag-inga-lauvdal","tag-inna-grunfeldt","tag-kalju-saaber","tag-kuldne-vapimark","tag-laane-viru-maakond","tag-latest-news","tag-latestnews","tag-lea-pilme","tag-margo-klaasmagi","tag-news","tag-olev-rohumae","tag-populaarseimad-lood","tag-soprussuhted","tag-taotlus","tag-top-stories","tag-topstories","tag-uldised-uudised","tag-uudised","tag-viimased-uudised"],"share_on_mastodon":{"url":"https:\/\/pubeurope.com\/@ee\/115728569264445454","error":""},"_links":{"self":[{"href":"https:\/\/www.europesays.com\/ee\/wp-json\/wp\/v2\/posts\/65780","targetHints":{"allow":["GET"]}}],"collection":[{"href":"https:\/\/www.europesays.com\/ee\/wp-json\/wp\/v2\/posts"}],"about":[{"href":"https:\/\/www.europesays.com\/ee\/wp-json\/wp\/v2\/types\/post"}],"author":[{"embeddable":true,"href":"https:\/\/www.europesays.com\/ee\/wp-json\/wp\/v2\/users\/2"}],"replies":[{"embeddable":true,"href":"https:\/\/www.europesays.com\/ee\/wp-json\/wp\/v2\/comments?post=65780"}],"version-history":[{"count":0,"href":"https:\/\/www.europesays.com\/ee\/wp-json\/wp\/v2\/posts\/65780\/revisions"}],"wp:featuredmedia":[{"embeddable":true,"href":"https:\/\/www.europesays.com\/ee\/wp-json\/wp\/v2\/media\/65781"}],"wp:attachment":[{"href":"https:\/\/www.europesays.com\/ee\/wp-json\/wp\/v2\/media?parent=65780"}],"wp:term":[{"taxonomy":"category","embeddable":true,"href":"https:\/\/www.europesays.com\/ee\/wp-json\/wp\/v2\/categories?post=65780"},{"taxonomy":"post_tag","embeddable":true,"href":"https:\/\/www.europesays.com\/ee\/wp-json\/wp\/v2\/tags?post=65780"}],"curies":[{"name":"wp","href":"https:\/\/api.w.org\/{rel}","templated":true}]}}