{"id":66083,"date":"2025-12-16T15:36:09","date_gmt":"2025-12-16T15:36:09","guid":{"rendered":"https:\/\/www.europesays.com\/ee\/66083\/"},"modified":"2025-12-16T15:36:09","modified_gmt":"2025-12-16T15:36:09","slug":"galerii-%e2%9f%a9-mart-kivastiku-uues-jutukogumikus-kollitab-pimeduses-kikiimura","status":"publish","type":"post","link":"https:\/\/www.europesays.com\/ee\/66083\/","title":{"rendered":"GALERII \u27e9 Mart Kivastiku uues jutukogumikus kollitab pimeduses Kikiimura"},"content":{"rendered":"<p>Mart Kivastik on valmis saanud raamatu \u00abKikiimura\u00bb, mille k\u00fcmnest pikemast ja l\u00fchemast jutust on umbes pooled siin-seal ilmunud, pooled aga tulid n\u00fc\u00fcd esimest korda lugejate ette. Esitlus oli esmasp\u00e4eva \u00f5htul Tasku keskuse Rahva Raamatu poes.<\/p>\n<p>Paarik\u00fcmne kirjandushuvilise ees istus Mart Kivastiku k\u00f5rvale tema kolleeg Indrek Hargla, et k\u00fcsitleda autorit vastse teose teemadel. Tekstin\u00e4iteid esitas J\u00fcri Lumiste.<\/p>\n","protected":false},"excerpt":{"rendered":"Mart Kivastik on valmis saanud raamatu \u00abKikiimura\u00bb, mille k\u00fcmnest pikemast ja l\u00fchemast jutust on umbes pooled siin-seal ilmunud,&hellip;\n","protected":false},"author":2,"featured_media":66084,"comment_status":"","ping_status":"","sticky":false,"template":"","format":"standard","meta":{"footnotes":"","_share_on_mastodon":"0"},"categories":[12],"tags":[6976,26,27,37,33,35,19555,34,36,31,32,21,21492,19460,33657,33653,33656,31373,31374,190,28,29,26378,33655,31376,17567,144,19,33654,25,10726,23,24,22,20,31375,30],"class_list":["post-66083","post","type-post","status-publish","format-standard","has-post-thumbnail","category-eesti","tag-armastus","tag-breaking-news","tag-breakingnews","tag-ee","tag-eesti","tag-eesti-keel","tag-emad","tag-estonia","tag-estonian","tag-featured-news","tag-featurednews","tag-headlines","tag-indrek-hargla","tag-isad","tag-jaama-12","tag-jorsi","tag-juri-lumiste","tag-katrin-kisand","tag-kikiimura","tag-kunst","tag-latest-news","tag-latestnews","tag-lootus","tag-lootusetus","tag-margit-kuusk","tag-mart-kivastik","tag-muusika","tag-news","tag-pateetiline","tag-populaarseimad-lood","tag-soprus","tag-top-stories","tag-topstories","tag-uldised-uudised","tag-uudised","tag-vaike-oomuusika","tag-viimased-uudised"],"share_on_mastodon":{"url":"","error":"Validation failed: Text character limit of 500 exceeded"},"_links":{"self":[{"href":"https:\/\/www.europesays.com\/ee\/wp-json\/wp\/v2\/posts\/66083","targetHints":{"allow":["GET"]}}],"collection":[{"href":"https:\/\/www.europesays.com\/ee\/wp-json\/wp\/v2\/posts"}],"about":[{"href":"https:\/\/www.europesays.com\/ee\/wp-json\/wp\/v2\/types\/post"}],"author":[{"embeddable":true,"href":"https:\/\/www.europesays.com\/ee\/wp-json\/wp\/v2\/users\/2"}],"replies":[{"embeddable":true,"href":"https:\/\/www.europesays.com\/ee\/wp-json\/wp\/v2\/comments?post=66083"}],"version-history":[{"count":0,"href":"https:\/\/www.europesays.com\/ee\/wp-json\/wp\/v2\/posts\/66083\/revisions"}],"wp:featuredmedia":[{"embeddable":true,"href":"https:\/\/www.europesays.com\/ee\/wp-json\/wp\/v2\/media\/66084"}],"wp:attachment":[{"href":"https:\/\/www.europesays.com\/ee\/wp-json\/wp\/v2\/media?parent=66083"}],"wp:term":[{"taxonomy":"category","embeddable":true,"href":"https:\/\/www.europesays.com\/ee\/wp-json\/wp\/v2\/categories?post=66083"},{"taxonomy":"post_tag","embeddable":true,"href":"https:\/\/www.europesays.com\/ee\/wp-json\/wp\/v2\/tags?post=66083"}],"curies":[{"name":"wp","href":"https:\/\/api.w.org\/{rel}","templated":true}]}}