{"id":66661,"date":"2025-12-17T11:58:23","date_gmt":"2025-12-17T11:58:23","guid":{"rendered":"https:\/\/www.europesays.com\/ee\/66661\/"},"modified":"2025-12-17T11:58:23","modified_gmt":"2025-12-17T11:58:23","slug":"kohus-karistas-matemaatikaopetajat-lapse-seksuaalse-ahvatlemise-eest-postimees","status":"publish","type":"post","link":"https:\/\/www.europesays.com\/ee\/66661\/","title":{"rendered":"Kohus karistas matemaatika\u00f5petajat lapse seksuaalse ahvatlemise eest &#8211; Postimees"},"content":{"rendered":"<ol>\n<li><a href=\"https:\/\/news.google.com\/rss\/articles\/CBMiowFBVV95cUxPZ2FzMTFHTHZrX1duOWFBVHhrQ09KN0t5UlpzS2pGU1pvOUdBRWkzb3dnV3hOVVdMMGtfR0lBUVpuRG9YeklENWY3QjF3dWNqUEpwbzRHTGFSYXk0MHNBWURVc09zNm5wVlpaSm5MSTMxUHlxeEVEV2p5d3dGcUJOLTNFc0NfNEpPVkhyYllVdXdKVWttMkZZYmlVRGFxLWNsV2FB?oc=5\" target=\"_blank\" rel=\"nofollow noopener\">Kohus karistas matemaatika\u00f5petajat lapse seksuaalse ahvatlemise eest<\/a>&nbsp;&nbsp;Postimees<\/li>\n<li><a href=\"https:\/\/news.google.com\/rss\/articles\/CBMi1AFBVV95cUxQbnI4OVZDblF5NUZZS2U4eU54a0NvTG44dU80XzFzT3AxbkQ2SXgzRzVwbmhtTUNQalFDaW9JRGc1NFRnMDUtVUdTRHZndXd1TkVTUzd3dVpkbno5Z0FyaDlsbWY4Q2NFdEF0RGdiQUtUV1AtRzJKbU9jQ1lGZ2xrRGRTTkViUXloYWNHU0c0bjNybWJaTWNpNmJsLUI4U0Z0QXI2VG1nQVFtazJlc0pxcWRScFNKVVdwS18tc3ROZEhCaVRVcHdqTG1ydFNVNW1pUVRabQ?oc=5\" target=\"_blank\" rel=\"nofollow noopener\">\u00d5petaja Allar Veelmaa sai kohtus karistada lapse seksuaalse ahvatlemise ja joobesp\u00e4i s\u00f5itmise eest<\/a>&nbsp;&nbsp;Delfi<\/li>\n<li><a href=\"https:\/\/news.google.com\/rss\/articles\/CBMimwFBVV95cUxOa1JDZllURlRKMFdBUzNpMl9Zb1pGbzN3WjBfT0dlcExiMk9KVzV0RWl6NXQxRXV2NzRtSDAxcWVRM05RWGxmbWRzdnQ0VktMR1dIQ0lxOEhKY1JZNkEyRkUzMGEyYmdQMGExVTMtdXZxcUY5d25IT1BudkZoSW9xWlNUSkpvSTVCR0szR2xRZGwzWkxydktlamxKZw?oc=5\" target=\"_blank\" rel=\"nofollow noopener\">\u00d5pilasele nilbusi kirjutanud \u00f5petaja sai kohtus karistuse k\u00e4tte<\/a>&nbsp;&nbsp;\u00d5htuleht<\/li>\n<li><a href=\"https:\/\/news.google.com\/rss\/articles\/CBMi3wFBVV95cUxQbmhRdkhFLWl3YXVLay1uTjZWYW5RR3NHS3NoUndGUkRLVmFNOFVqTXhlNk1GMnVHeGIyeGZTc3JLa21PcWdXQ0l2VFh4enRUSXlfOWc4MnBHakhFcFNFd1lWbDhtZVlJUVpKMURQVHl5Q05ORHhpVGVodmRyS1dIZVE5b2pZZk9lZ1k0Wi1BNnNhZzNKOHg3N05wSDZ3TGw0NFhhQ0hQdHJDeE9fV2otZmFFTmY4NVpYaHowWTFKYVpnT2U0YnlaeUdPV2dvS2kxQjJBV1pFVGNaOFRzcUVB?oc=5\" target=\"_blank\" rel=\"nofollow noopener\">VIDEO Lapse seksuaalses ahvatlemises karistatud matemaatika\u00f5petaja reporterile: minge k\u00fcpsetage kodus piparkooke!<\/a>&nbsp;&nbsp;Elu24<\/li>\n<li><a href=\"https:\/\/news.google.com\/rss\/articles\/CBMinAFBVV95cUxOOERVU1NsWjM4UksxS1hvRDV0SHBsd0ZBcTFlWlo3WDJrNFM3bDN1NlVueFk1cVRXdjM5d29hN2xBb0dBYTBOUE1XUUZPWm9kc0NRRGw1VXFzUk1Ea0VMLVcyQnVSdTM0WHd3Y2h2VXBPSTRUVXhaajZKZFUwajhkTUVhV20wbC1uWjhvQTBfREd6ZWpMOElHNnRjV2o?oc=5\" target=\"_blank\" rel=\"nofollow noopener\">Mida soovitas pedofiilist kooli\u00f5petaja Veelmaa ajakirjanikule?<\/a>&nbsp;&nbsp;Kanal 2<\/li>\n<\/ol>\n","protected":false},"excerpt":{"rendered":"Kohus karistas matemaatika\u00f5petajat lapse seksuaalse ahvatlemise eest&nbsp;&nbsp;Postimees \u00d5petaja Allar Veelmaa sai kohtus karistada lapse seksuaalse ahvatlemise ja joobesp\u00e4i&hellip;\n","protected":false},"author":2,"featured_media":66662,"comment_status":"","ping_status":"","sticky":false,"template":"","format":"standard","meta":{"footnotes":""},"categories":[12],"tags":[33984,26,27,37,33,35,34,36,31,32,21,18385,28,29,6737,19,16573,25,4786,23,24,22,20,33985,33983,30],"class_list":{"0":"post-66661","1":"post","2":"type-post","3":"status-publish","4":"format-standard","5":"has-post-thumbnail","7":"category-eesti","8":"tag-annika-vanatoa","9":"tag-breaking-news","10":"tag-breakingnews","11":"tag-ee","12":"tag-eesti","13":"tag-eesti-keel","14":"tag-estonia","15":"tag-estonian","16":"tag-featured-news","17":"tag-featurednews","18":"tag-headlines","19":"tag-lasteabi","20":"tag-latest-news","21":"tag-latestnews","22":"tag-loo-kool","23":"tag-news","24":"tag-pohja-ringkonnaprokuratuur","25":"tag-populaarseimad-lood","26":"tag-sotsiaaldemokraatlik-erakond","27":"tag-top-stories","28":"tag-topstories","29":"tag-uldised-uudised","30":"tag-uudised","31":"tag-valmar-viitak","32":"tag-veelmaa","33":"tag-viimased-uudised"},"share_on_mastodon":{"url":"https:\/\/pubeurope.com\/@ee\/115734793738788417","error":""},"_links":{"self":[{"href":"https:\/\/www.europesays.com\/ee\/wp-json\/wp\/v2\/posts\/66661","targetHints":{"allow":["GET"]}}],"collection":[{"href":"https:\/\/www.europesays.com\/ee\/wp-json\/wp\/v2\/posts"}],"about":[{"href":"https:\/\/www.europesays.com\/ee\/wp-json\/wp\/v2\/types\/post"}],"author":[{"embeddable":true,"href":"https:\/\/www.europesays.com\/ee\/wp-json\/wp\/v2\/users\/2"}],"replies":[{"embeddable":true,"href":"https:\/\/www.europesays.com\/ee\/wp-json\/wp\/v2\/comments?post=66661"}],"version-history":[{"count":0,"href":"https:\/\/www.europesays.com\/ee\/wp-json\/wp\/v2\/posts\/66661\/revisions"}],"wp:featuredmedia":[{"embeddable":true,"href":"https:\/\/www.europesays.com\/ee\/wp-json\/wp\/v2\/media\/66662"}],"wp:attachment":[{"href":"https:\/\/www.europesays.com\/ee\/wp-json\/wp\/v2\/media?parent=66661"}],"wp:term":[{"taxonomy":"category","embeddable":true,"href":"https:\/\/www.europesays.com\/ee\/wp-json\/wp\/v2\/categories?post=66661"},{"taxonomy":"post_tag","embeddable":true,"href":"https:\/\/www.europesays.com\/ee\/wp-json\/wp\/v2\/tags?post=66661"}],"curies":[{"name":"wp","href":"https:\/\/api.w.org\/{rel}","templated":true}]}}