{"id":66671,"date":"2025-12-17T12:09:23","date_gmt":"2025-12-17T12:09:23","guid":{"rendered":"https:\/\/www.europesays.com\/ee\/66671\/"},"modified":"2025-12-17T12:09:23","modified_gmt":"2025-12-17T12:09:23","slug":"tallinn-rajab-teatri-valjakule-lilleniidu-eesti","status":"publish","type":"post","link":"https:\/\/www.europesays.com\/ee\/66671\/","title":{"rendered":"Tallinn rajab Teatri v\u00e4ljakule lilleniidu | Eesti"},"content":{"rendered":"<p>Tallinna s\u00fcdalinnas Estonia teatri ja v\u00e4lisministeeriumi hoone vahel asuv ilmetu Teatri v\u00e4ljak peaks tulevikus muutuma v\u00e4rvilisi lilli t\u00e4is alaks, sest pealinn k\u00fclvab sinna looduslikke niidutaimi.<\/p>\n<p>Ehkki Teatri v\u00e4ljaku nimi k\u00f5lab suurejooneliselt, on see tegelikkuses olnud aastaid t\u00fchjalt seisev muruplats, mille \u00fcldilme on jahedamatel aastaaegadel pigem porikarva. Ligip\u00e4\u00e4su bussipeatuste vahel asuvale rohealale piiravad metallist t\u00f5kked ning \u00f5igupoolest on raske leida ka p\u00f5hjust, miks keegi peaks sinna minna soovima.<\/p>\n<p>N\u00fc\u00fcd p\u00fc\u00fcab Tallinn v\u00e4ljakut kenamaks muuta ja k\u00e4ivad t\u00f6\u00f6d, et sinna rajada lilletniit, mis pakub looduslikele tolmeldajatele toidutaimi ja suurendab elurikkust.<\/p>\n<p>&#8220;Nii on n\u00e4iteks kimalastel, mesilastel, sirelastel, p\u00e4eva- ja \u00f6\u00f6liblikatel rohkem toitu ja elupaiku,&#8221; selgitas linnavalitsuse kommunikatsioonispetsialist Kadri Karnau ERR-ile. Ta m\u00e4rkis, et teatri v\u00e4ljaku niidule on k\u00fclvatud looduslikud niidutaimed v\u00e4rvide j\u00e4rgi, moodustades esimestel aastatel selgepiirilised v\u00e4rvilaigud.<\/p>\n<p>Punasel alal kasvavad n\u00e4iteks harilik p\u00f5isrohi, harilik h\u00e4rjasilm, arujumikas, harilik kellukas, punane pusurohi, r\u00f5rvalill ja verev kurereha ja veel teisedki punast tooni andvad taimed. Kollaselt alalt leiab muude liikide hulgas ka harilikke k\u00e4okannuseid, h\u00f5bemaraneid, kollaseid karikakraid, liht-naistepuna, mitme\u00f5ielisi tulikaid ja \u00fcheksav\u00e4giseid.<\/p>\n<p>Sinise\u00f5ielisel alal hakkavad kasvama erinevad kellukad, harilik \u00e4iatatar, mailased, mitut sorti raudrohtu ja sile tondipea. Valge\u00f5ieliselt alalt leiab aga harilikku p\u00f5isrohtu, v\u00f5sa-raudrohtu, metsporgandit, madarat, n\u00f5mmnelki ja m\u00e4giristikut ja teisigi taimeliike.<\/p>\n<p>Karnau s\u00f5nul on edaspidi v\u00f5imalik niidurajal jalutades vaadelda, kuidas eri v\u00e4rvi alade piir h\u00e4gustub ja millised eriv\u00e4rvilised kooslused tekivad seemnete loomuliku levimise tulemusena.<\/p>\n<p>&#8220;Esimesel aastal \u00f5itsevad niidul vaid \u00fcheaastased suvelilled nagu rukkilill, p\u00f5ldmagun, harilik \u00e4iakas ja p\u00f5ld-varesjalg. Teisel rajamisj\u00e4rgsel aastal annavad suvelilled teatepulga \u00fcle p\u00fcsililledele,&#8221; kirjeldas Karnau.<\/p>\n<p><img decoding=\"async\" data-photo-id=\"3126367\" src=\"https:\/\/www.europesays.com\/ee\/wp-content\/uploads\/2025\/12\/3126367h542dt24.jpg\"\/>Vaade Teatri v\u00e4ljakule l\u00e4bi porise bussiakna. Autor\/allikas: Karin Koppel<\/p>\n","protected":false},"excerpt":{"rendered":"Tallinna s\u00fcdalinnas Estonia teatri ja v\u00e4lisministeeriumi hoone vahel asuv ilmetu Teatri v\u00e4ljak peaks tulevikus muutuma v\u00e4rvilisi lilli t\u00e4is&hellip;\n","protected":false},"author":2,"featured_media":66672,"comment_status":"","ping_status":"","sticky":false,"template":"","format":"standard","meta":{"footnotes":"","_share_on_mastodon":"0"},"categories":[12],"tags":[26,27,37,33,35,34,36,31,32,10977,21,28,29,19,33991,25,2130,854,33992,23,24,22,20,30],"class_list":["post-66671","post","type-post","status-publish","format-standard","has-post-thumbnail","category-eesti","tag-breaking-news","tag-breakingnews","tag-ee","tag-eesti","tag-eesti-keel","tag-estonia","tag-estonian","tag-featured-news","tag-featurednews","tag-haljastus","tag-headlines","tag-latest-news","tag-latestnews","tag-news","tag-pargid","tag-populaarseimad-lood","tag-tallinn","tag-tallinna-linnavalitsus","tag-teatri-valjak","tag-top-stories","tag-topstories","tag-uldised-uudised","tag-uudised","tag-viimased-uudised"],"share_on_mastodon":{"url":"https:\/\/pubeurope.com\/@ee\/115734837247205302","error":""},"_links":{"self":[{"href":"https:\/\/www.europesays.com\/ee\/wp-json\/wp\/v2\/posts\/66671","targetHints":{"allow":["GET"]}}],"collection":[{"href":"https:\/\/www.europesays.com\/ee\/wp-json\/wp\/v2\/posts"}],"about":[{"href":"https:\/\/www.europesays.com\/ee\/wp-json\/wp\/v2\/types\/post"}],"author":[{"embeddable":true,"href":"https:\/\/www.europesays.com\/ee\/wp-json\/wp\/v2\/users\/2"}],"replies":[{"embeddable":true,"href":"https:\/\/www.europesays.com\/ee\/wp-json\/wp\/v2\/comments?post=66671"}],"version-history":[{"count":0,"href":"https:\/\/www.europesays.com\/ee\/wp-json\/wp\/v2\/posts\/66671\/revisions"}],"wp:featuredmedia":[{"embeddable":true,"href":"https:\/\/www.europesays.com\/ee\/wp-json\/wp\/v2\/media\/66672"}],"wp:attachment":[{"href":"https:\/\/www.europesays.com\/ee\/wp-json\/wp\/v2\/media?parent=66671"}],"wp:term":[{"taxonomy":"category","embeddable":true,"href":"https:\/\/www.europesays.com\/ee\/wp-json\/wp\/v2\/categories?post=66671"},{"taxonomy":"post_tag","embeddable":true,"href":"https:\/\/www.europesays.com\/ee\/wp-json\/wp\/v2\/tags?post=66671"}],"curies":[{"name":"wp","href":"https:\/\/api.w.org\/{rel}","templated":true}]}}