{"id":66733,"date":"2025-12-17T13:26:08","date_gmt":"2025-12-17T13:26:08","guid":{"rendered":"https:\/\/www.europesays.com\/ee\/66733\/"},"modified":"2025-12-17T13:26:08","modified_gmt":"2025-12-17T13:26:08","slug":"fotod-%e2%9f%a9-loppesid-piusa-uue-silla-ehitustood","status":"publish","type":"post","link":"https:\/\/www.europesays.com\/ee\/66733\/","title":{"rendered":"FOTOD \u27e9 L\u00f5ppesid Piusa uue silla ehitust\u00f6\u00f6d"},"content":{"rendered":"<p>Detsembri keskpaigas l\u00f5ppesid Vastseliina\u2013Merem\u00e4e\u2013Kliima tee km 21,6 asuva Piusa silla ehitust\u00f6\u00f6d. T\u00f6\u00f6d algasid t\u00e4navu juunis ning liiklus uuel sillal avati oktoobris.<\/p>\n<p>Ehitust\u00f6\u00f6de k\u00e4igus lammutati amortiseerunud vana sild ning selle asemele rajati uus kolmeavaline teraskomposiit sild. Uue silla kogupikkus on 51,6 meetrit ning s\u00f5idutee gabariit 8 meetrit.<\/p>\n","protected":false},"excerpt":{"rendered":"Detsembri keskpaigas l\u00f5ppesid Vastseliina\u2013Merem\u00e4e\u2013Kliima tee km 21,6 asuva Piusa silla ehitust\u00f6\u00f6d. T\u00f6\u00f6d algasid t\u00e4navu juunis ning liiklus uuel&hellip;\n","protected":false},"author":2,"featured_media":66734,"comment_status":"","ping_status":"","sticky":false,"template":"","format":"standard","meta":{"footnotes":"","_share_on_mastodon":"0"},"categories":[12],"tags":[34019,26,27,37,33,35,26050,34,36,31,32,21,34021,11468,28,29,2834,19,34023,34020,25,34022,23,24,22,20,30],"class_list":["post-66733","post","type-post","status-publish","format-standard","has-post-thumbnail","category-eesti","tag-amortiseerunud-sild","tag-breaking-news","tag-breakingnews","tag-ee","tag-eesti","tag-eesti-keel","tag-ehitustood","tag-estonia","tag-estonian","tag-featured-news","tag-featurednews","tag-headlines","tag-insten-projekt-ou","tag-janar-taal","tag-latest-news","tag-latestnews","tag-liiklusohutus","tag-news","tag-nordpont-ou","tag-piusa-sild","tag-populaarseimad-lood","tag-teraskomposiit-sild","tag-top-stories","tag-topstories","tag-uldised-uudised","tag-uudised","tag-viimased-uudised"],"share_on_mastodon":{"url":"https:\/\/pubeurope.com\/@ee\/115735139749816035","error":""},"_links":{"self":[{"href":"https:\/\/www.europesays.com\/ee\/wp-json\/wp\/v2\/posts\/66733","targetHints":{"allow":["GET"]}}],"collection":[{"href":"https:\/\/www.europesays.com\/ee\/wp-json\/wp\/v2\/posts"}],"about":[{"href":"https:\/\/www.europesays.com\/ee\/wp-json\/wp\/v2\/types\/post"}],"author":[{"embeddable":true,"href":"https:\/\/www.europesays.com\/ee\/wp-json\/wp\/v2\/users\/2"}],"replies":[{"embeddable":true,"href":"https:\/\/www.europesays.com\/ee\/wp-json\/wp\/v2\/comments?post=66733"}],"version-history":[{"count":0,"href":"https:\/\/www.europesays.com\/ee\/wp-json\/wp\/v2\/posts\/66733\/revisions"}],"wp:featuredmedia":[{"embeddable":true,"href":"https:\/\/www.europesays.com\/ee\/wp-json\/wp\/v2\/media\/66734"}],"wp:attachment":[{"href":"https:\/\/www.europesays.com\/ee\/wp-json\/wp\/v2\/media?parent=66733"}],"wp:term":[{"taxonomy":"category","embeddable":true,"href":"https:\/\/www.europesays.com\/ee\/wp-json\/wp\/v2\/categories?post=66733"},{"taxonomy":"post_tag","embeddable":true,"href":"https:\/\/www.europesays.com\/ee\/wp-json\/wp\/v2\/tags?post=66733"}],"curies":[{"name":"wp","href":"https:\/\/api.w.org\/{rel}","templated":true}]}}