{"id":66778,"date":"2025-12-17T14:20:09","date_gmt":"2025-12-17T14:20:09","guid":{"rendered":"https:\/\/www.europesays.com\/ee\/66778\/"},"modified":"2025-12-17T14:20:09","modified_gmt":"2025-12-17T14:20:09","slug":"austraalia-terrorirunnakut-seganud-mehest-sai-miljonar-sekkus-veel-kolm-kangelast-kes-hukkusid","status":"publish","type":"post","link":"https:\/\/www.europesays.com\/ee\/66778\/","title":{"rendered":"Austraalia terrorir\u00fcnnakut seganud mehest sai miljon\u00e4r. Sekkus veel kolm kangelast, kes hukkusid"},"content":{"rendered":"<p><a rel=\"noopener nofollow\" target=\"_blank\" href=\"https:\/\/www.delfi.ee\/teema\/33131299\/sydney\" tag-id=\"33131299\">Sydney<\/a> eeslinnas Bondi rannal toimunud tulistamises osalenud 24-aastane Naveed Akram \u00e4rkas teisip\u00e4eval haiglas koomast ning sai s\u00fc\u00fcdistuse 59 kuriteos, sealhulgas terrorismis ja 15 m\u00f5rvas. <\/p>\n<p>Praeguseks on veel selgunud, et tema kaasosaline ja isa, tulistamises hukkunud Sajid Akram oli varem India kodanik ja \u00f5ppis Hyderabadi linnas \u00e4rijuhtimist. India politsei teatel n\u00e4itas pereliikmete k\u00fcsitlemine, et nad ei olnud sugulaste radikaliseerumisest teadlikud ja viimati k\u00e4is vanem Akram s\u00fcnnimaal aastaid tagasi.<\/p>\n<p>Oled juba tellija?Logi sisse<\/p>\n<p><a href=\"https:\/\/www.delfi.ee\/artikkel\/120424237\/austraalia-terrorirunnakut-seganud-mehest-sai-miljonar-sekkus-veel-kolm-kangelast-kes-hukkusid\/kommentaarid\" class=\"article-body-bottom__comment article-body-bottom__comment--write button button--primary button--size-auto\" rel=\"nofollow noopener\" target=\"_blank\"> Kommenteeri <\/a><a href=\"https:\/\/www.delfi.ee\/artikkel\/120424237\/austraalia-terrorirunnakut-seganud-mehest-sai-miljonar-sekkus-veel-kolm-kangelast-kes-hukkusid\/kommentaarid\" class=\"article-body-bottom__comment article-body-bottom__comment--read button button--size-auto\" rel=\"nofollow noopener\" target=\"_blank\"> Loe kommentaare <\/a><\/p>\n","protected":false},"excerpt":{"rendered":"Sydney eeslinnas Bondi rannal toimunud tulistamises osalenud 24-aastane Naveed Akram \u00e4rkas teisip\u00e4eval haiglas koomast ning sai s\u00fc\u00fcdistuse 59&hellip;\n","protected":false},"author":2,"featured_media":66779,"comment_status":"","ping_status":"","sticky":false,"template":"","format":"standard","meta":{"footnotes":"","_share_on_mastodon":"0"},"categories":[80],"tags":[1553,32865,26,27,37,33,35,34,36,31,32,21,28,29,95,19,25,4250,23,24,22,20,30,92,93,94],"class_list":["post-66778","post","type-post","status-publish","format-standard","has-post-thumbnail","category-maailm","tag-austraalia","tag-bondi-runnak","tag-breaking-news","tag-breakingnews","tag-ee","tag-eesti","tag-eesti-keel","tag-estonia","tag-estonian","tag-featured-news","tag-featurednews","tag-headlines","tag-latest-news","tag-latestnews","tag-maailm","tag-news","tag-populaarseimad-lood","tag-sydney","tag-top-stories","tag-topstories","tag-uldised-uudised","tag-uudised","tag-viimased-uudised","tag-world","tag-world-news","tag-worldnews"],"share_on_mastodon":{"url":"https:\/\/pubeurope.com\/@ee\/115735352103132580","error":""},"_links":{"self":[{"href":"https:\/\/www.europesays.com\/ee\/wp-json\/wp\/v2\/posts\/66778","targetHints":{"allow":["GET"]}}],"collection":[{"href":"https:\/\/www.europesays.com\/ee\/wp-json\/wp\/v2\/posts"}],"about":[{"href":"https:\/\/www.europesays.com\/ee\/wp-json\/wp\/v2\/types\/post"}],"author":[{"embeddable":true,"href":"https:\/\/www.europesays.com\/ee\/wp-json\/wp\/v2\/users\/2"}],"replies":[{"embeddable":true,"href":"https:\/\/www.europesays.com\/ee\/wp-json\/wp\/v2\/comments?post=66778"}],"version-history":[{"count":0,"href":"https:\/\/www.europesays.com\/ee\/wp-json\/wp\/v2\/posts\/66778\/revisions"}],"wp:featuredmedia":[{"embeddable":true,"href":"https:\/\/www.europesays.com\/ee\/wp-json\/wp\/v2\/media\/66779"}],"wp:attachment":[{"href":"https:\/\/www.europesays.com\/ee\/wp-json\/wp\/v2\/media?parent=66778"}],"wp:term":[{"taxonomy":"category","embeddable":true,"href":"https:\/\/www.europesays.com\/ee\/wp-json\/wp\/v2\/categories?post=66778"},{"taxonomy":"post_tag","embeddable":true,"href":"https:\/\/www.europesays.com\/ee\/wp-json\/wp\/v2\/tags?post=66778"}],"curies":[{"name":"wp","href":"https:\/\/api.w.org\/{rel}","templated":true}]}}