{"id":66881,"date":"2025-12-17T16:08:08","date_gmt":"2025-12-17T16:08:08","guid":{"rendered":"https:\/\/www.europesays.com\/ee\/66881\/"},"modified":"2025-12-17T16:08:08","modified_gmt":"2025-12-17T16:08:08","slug":"alcarazi-ja-ferrero-kuue-slammivoiduni-viinud-koostoo-loppes-tennis","status":"publish","type":"post","link":"https:\/\/www.europesays.com\/ee\/66881\/","title":{"rendered":"Alcarazi ja Ferrero kuue sl\u00e4mmiv\u00f5iduni viinud koost\u00f6\u00f6 l\u00f5ppes | Tennis"},"content":{"rendered":"<p>Maailma esireket Carlos Alcaraz andis teada, et tema koost\u00f6\u00f6 senise juhendaja Juan Carlos Ferreroga on l\u00f5ppenud.<\/p>\n<p>2003. aastal Prantsusmaa lahtised v\u00f5itnud ja seej\u00e4rel ka maailma esireketiks kerkinud Ferrero t\u00f6\u00f6tas p\u00e4rast m\u00e4ngijakarj\u00e4\u00e4ri l\u00f5ppu endanimelises tenniseakadeemias, 2017. aastal juhendas ta seitse kuud Alexander Zverevit ning sai seej\u00e4rel toona 15-aastase Carlos Alcarazi treeneriks.<\/p>\n<p>&#8220;T\u00e4nan sind, et t\u00e4itsid minu lapsep\u00f5lveunistused. Alustasime seda teekonda, kui olin veel laps ning oled kogu selle aja mind saatnud. Olen iga sammu v\u00e4ga nautinud,&#8221; kommenteeris Alcaraz sotsiaalmeediasse tehtud postituses.<\/p>\n<p>Kaasmaalase juhendamisel on Alcaraz kahel korral v\u00f5itnud nii Wimbledoni, Prantsusmaa kui USA sl\u00e4mmiturniiri. Kokku t\u00f5i koost\u00f6\u00f6 Alcarazile 24 tiitlit.<\/p>\n","protected":false},"excerpt":{"rendered":"Maailma esireket Carlos Alcaraz andis teada, et tema koost\u00f6\u00f6 senise juhendaja Juan Carlos Ferreroga on l\u00f5ppenud. 2003. aastal&hellip;\n","protected":false},"author":2,"featured_media":66882,"comment_status":"","ping_status":"","sticky":false,"template":"","format":"standard","meta":{"footnotes":""},"categories":[18],"tags":[3863,37,33,35,34,36,34080,159,158],"class_list":{"0":"post-66881","1":"post","2":"type-post","3":"status-publish","4":"format-standard","5":"has-post-thumbnail","7":"category-sport","8":"tag-carlos-alcaraz","9":"tag-ee","10":"tag-eesti","11":"tag-eesti-keel","12":"tag-estonia","13":"tag-estonian","14":"tag-juan-carlos-ferrero","15":"tag-sport","16":"tag-sports"},"share_on_mastodon":{"url":"https:\/\/pubeurope.com\/@ee\/115735776661673045","error":""},"_links":{"self":[{"href":"https:\/\/www.europesays.com\/ee\/wp-json\/wp\/v2\/posts\/66881","targetHints":{"allow":["GET"]}}],"collection":[{"href":"https:\/\/www.europesays.com\/ee\/wp-json\/wp\/v2\/posts"}],"about":[{"href":"https:\/\/www.europesays.com\/ee\/wp-json\/wp\/v2\/types\/post"}],"author":[{"embeddable":true,"href":"https:\/\/www.europesays.com\/ee\/wp-json\/wp\/v2\/users\/2"}],"replies":[{"embeddable":true,"href":"https:\/\/www.europesays.com\/ee\/wp-json\/wp\/v2\/comments?post=66881"}],"version-history":[{"count":0,"href":"https:\/\/www.europesays.com\/ee\/wp-json\/wp\/v2\/posts\/66881\/revisions"}],"wp:featuredmedia":[{"embeddable":true,"href":"https:\/\/www.europesays.com\/ee\/wp-json\/wp\/v2\/media\/66882"}],"wp:attachment":[{"href":"https:\/\/www.europesays.com\/ee\/wp-json\/wp\/v2\/media?parent=66881"}],"wp:term":[{"taxonomy":"category","embeddable":true,"href":"https:\/\/www.europesays.com\/ee\/wp-json\/wp\/v2\/categories?post=66881"},{"taxonomy":"post_tag","embeddable":true,"href":"https:\/\/www.europesays.com\/ee\/wp-json\/wp\/v2\/tags?post=66881"}],"curies":[{"name":"wp","href":"https:\/\/api.w.org\/{rel}","templated":true}]}}