{"id":66943,"date":"2025-12-17T17:26:38","date_gmt":"2025-12-17T17:26:38","guid":{"rendered":"https:\/\/www.europesays.com\/ee\/66943\/"},"modified":"2025-12-17T17:26:38","modified_gmt":"2025-12-17T17:26:38","slug":"kiibipuudus-ahvardab-tosta-jarsult-nutitelefonide-hindu-2","status":"publish","type":"post","link":"https:\/\/www.europesays.com\/ee\/66943\/","title":{"rendered":"Kiibipuudus \u00e4hvardab t\u00f5sta j\u00e4rsult nutitelefonide hindu"},"content":{"rendered":"<p>Nutitelefonide hinnad v\u00f5ivad l\u00e4hiaastatel m\u00e4rgatavalt t\u00f5usta, kuna tehisintellekti kiire areng p\u00f5hjustas \u00fcleilmse kiibipuuduse.<\/p>\n<p>Uuringufirma Counterpoint Research hoiatab, et tehisintellekti andmekeskuste kasvav n\u00f5udlus m\u00e4lukiipide j\u00e4rele survestab pooljuhtide tarneahelat ning v\u00f5ib viia nutitelefonide hinnat\u00f5usuni ja tarnete v\u00e4henemiseni juba 2026. aastal.<\/p>\n","protected":false},"excerpt":{"rendered":"Nutitelefonide hinnad v\u00f5ivad l\u00e4hiaastatel m\u00e4rgatavalt t\u00f5usta, kuna tehisintellekti kiire areng p\u00f5hjustas \u00fcleilmse kiibipuuduse. Uuringufirma Counterpoint Research hoiatab, et&hellip;\n","protected":false},"author":2,"featured_media":66061,"comment_status":"","ping_status":"","sticky":false,"template":"","format":"standard","meta":{"footnotes":"","_share_on_mastodon":"0"},"categories":[14],"tags":[12136,3312,131,130,33639,33640,37,33,35,34,36,43,33637,388,6007,33554,33638,373],"class_list":["post-66943","post","type-post","status-publish","format-standard","has-post-thumbnail","category-ari","tag-andmekeskus","tag-apple","tag-ari","tag-business","tag-counterpoint-research","tag-dram","tag-ee","tag-eesti","tag-eesti-keel","tag-estonia","tag-estonian","tag-hinnatous","tag-malukiip","tag-nutitelefon","tag-samsung","tag-tarneahel","tag-tarned","tag-tehisintellekt"],"share_on_mastodon":{"url":"https:\/\/pubeurope.com\/@ee\/115736083464899902","error":""},"_links":{"self":[{"href":"https:\/\/www.europesays.com\/ee\/wp-json\/wp\/v2\/posts\/66943","targetHints":{"allow":["GET"]}}],"collection":[{"href":"https:\/\/www.europesays.com\/ee\/wp-json\/wp\/v2\/posts"}],"about":[{"href":"https:\/\/www.europesays.com\/ee\/wp-json\/wp\/v2\/types\/post"}],"author":[{"embeddable":true,"href":"https:\/\/www.europesays.com\/ee\/wp-json\/wp\/v2\/users\/2"}],"replies":[{"embeddable":true,"href":"https:\/\/www.europesays.com\/ee\/wp-json\/wp\/v2\/comments?post=66943"}],"version-history":[{"count":0,"href":"https:\/\/www.europesays.com\/ee\/wp-json\/wp\/v2\/posts\/66943\/revisions"}],"wp:featuredmedia":[{"embeddable":true,"href":"https:\/\/www.europesays.com\/ee\/wp-json\/wp\/v2\/media\/66061"}],"wp:attachment":[{"href":"https:\/\/www.europesays.com\/ee\/wp-json\/wp\/v2\/media?parent=66943"}],"wp:term":[{"taxonomy":"category","embeddable":true,"href":"https:\/\/www.europesays.com\/ee\/wp-json\/wp\/v2\/categories?post=66943"},{"taxonomy":"post_tag","embeddable":true,"href":"https:\/\/www.europesays.com\/ee\/wp-json\/wp\/v2\/tags?post=66943"}],"curies":[{"name":"wp","href":"https:\/\/api.w.org\/{rel}","templated":true}]}}