{"id":66996,"date":"2025-12-17T19:04:10","date_gmt":"2025-12-17T19:04:10","guid":{"rendered":"https:\/\/www.europesays.com\/ee\/66996\/"},"modified":"2025-12-17T19:04:10","modified_gmt":"2025-12-17T19:04:10","slug":"nba-langetab-seattlei-ja-las-vegase-tuleviku-kohta-otsuse-jargmisel-aastal-korvpall","status":"publish","type":"post","link":"https:\/\/www.europesays.com\/ee\/66996\/","title":{"rendered":"NBA langetab Seattle&#8217;i ja Las Vegase tuleviku kohta otsuse j\u00e4rgmisel aastal | Korvpall"},"content":{"rendered":"<p>Korvpalliliiga NBA komissar Adam Silver paotas enne hooajasisese karikaturniiri finaali New York Knicksi ja San Antonio Spursi vahel ust v\u00f5imalikele liigaga liitujatele.<\/p>\n<p>NBA-s on viimased 20 aastat m\u00e4nginud 30 meeskonda, viimati liitus 2004. aastal liigaga Charlotte Bobcats. Charlotte&#8217;i endine meeskond Hornets liikus paar aastat varem New Orleansi, n\u00fc\u00fcd loodab sama teha Seattle, kelle v\u00f5istkond SuperSonics liikus 2008. aastal Oklahoma Citysse ning v\u00f5ttis nimeks Thunder.<\/p>\n<p>&#8220;Ei ole saladus, et vaatame turgu Las Vegases ning Seattle&#8217;is,&#8221; r\u00e4\u00e4kis Silver teisip\u00e4eval. &#8220;Oleme vaadanud ka teisi turge. Oleme sellest k\u00fcll kaua r\u00e4\u00e4kinud, aga t\u00f6\u00f6tame koos juba olemasolevate meeskondadega, et m\u00f5ista, kuidas muudatused neid m\u00f5jutaks. Millalgi 2026. aasta jooksul teeme ka otsuse,&#8221; lisas liiga komissar.<\/p>\n<p>&#8220;Seattle ja Las Vegas on imelised linnad,&#8221; lisas Silver. &#8220;Muidugi oli meil Seattle&#8217;is v\u00e4ga edukas meeskond. Meil on Acesi n\u00e4ol WNBA naiskond, oleme siin 20 aastat suveliigat m\u00e4nginud. Oleme selle turuga v\u00e4ga h\u00e4sti kursis ning mul pole kahtlustki, et Las Vegas suudaks NBA meeskonda omada,&#8221; s\u00f5nas Silver.<\/p>\n","protected":false},"excerpt":{"rendered":"Korvpalliliiga NBA komissar Adam Silver paotas enne hooajasisese karikaturniiri finaali New York Knicksi ja San Antonio Spursi vahel&hellip;\n","protected":false},"author":2,"featured_media":66997,"comment_status":"","ping_status":"","sticky":false,"template":"","format":"standard","meta":{"footnotes":"","_share_on_mastodon":"0"},"categories":[18],"tags":[5919,37,33,35,34,36,4391,159,158],"class_list":["post-66996","post","type-post","status-publish","format-standard","has-post-thumbnail","category-sport","tag-adam-silver","tag-ee","tag-eesti","tag-eesti-keel","tag-estonia","tag-estonian","tag-nba","tag-sport","tag-sports"],"share_on_mastodon":{"url":"https:\/\/pubeurope.com\/@ee\/115736468688017538","error":""},"_links":{"self":[{"href":"https:\/\/www.europesays.com\/ee\/wp-json\/wp\/v2\/posts\/66996","targetHints":{"allow":["GET"]}}],"collection":[{"href":"https:\/\/www.europesays.com\/ee\/wp-json\/wp\/v2\/posts"}],"about":[{"href":"https:\/\/www.europesays.com\/ee\/wp-json\/wp\/v2\/types\/post"}],"author":[{"embeddable":true,"href":"https:\/\/www.europesays.com\/ee\/wp-json\/wp\/v2\/users\/2"}],"replies":[{"embeddable":true,"href":"https:\/\/www.europesays.com\/ee\/wp-json\/wp\/v2\/comments?post=66996"}],"version-history":[{"count":0,"href":"https:\/\/www.europesays.com\/ee\/wp-json\/wp\/v2\/posts\/66996\/revisions"}],"wp:featuredmedia":[{"embeddable":true,"href":"https:\/\/www.europesays.com\/ee\/wp-json\/wp\/v2\/media\/66997"}],"wp:attachment":[{"href":"https:\/\/www.europesays.com\/ee\/wp-json\/wp\/v2\/media?parent=66996"}],"wp:term":[{"taxonomy":"category","embeddable":true,"href":"https:\/\/www.europesays.com\/ee\/wp-json\/wp\/v2\/categories?post=66996"},{"taxonomy":"post_tag","embeddable":true,"href":"https:\/\/www.europesays.com\/ee\/wp-json\/wp\/v2\/tags?post=66996"}],"curies":[{"name":"wp","href":"https:\/\/api.w.org\/{rel}","templated":true}]}}