{"id":66998,"date":"2025-12-17T19:06:43","date_gmt":"2025-12-17T19:06:43","guid":{"rendered":"https:\/\/www.europesays.com\/ee\/66998\/"},"modified":"2025-12-17T19:06:43","modified_gmt":"2025-12-17T19:06:43","slug":"trump-liigitas-fentanuuli-massihavitusrelvaks","status":"publish","type":"post","link":"https:\/\/www.europesays.com\/ee\/66998\/","title":{"rendered":"Trump liigitas fentan\u00fc\u00fcli massih\u00e4vitusrelvaks"},"content":{"rendered":"<p>USA president Donald Trump teatas esmasp\u00e4eval, et klassifitseerib \u00fclitugeva s\u00fcnteetilise uimasti fentan\u00fc\u00fcli massih\u00e4vitusrelvaks, millega intensiivistab oma administratsiooni kampaaniat Ladina-Ameerika narkokartellide vastu.<\/p>\n<p>\u00abMe klassifitseerime fentan\u00fc\u00fcli ametlikult massih\u00e4vitusrelvaks,\u00bb kinnitas Trump korraldusele alla kirjutades.<\/p>\n","protected":false},"excerpt":{"rendered":"USA president Donald Trump teatas esmasp\u00e4eval, et klassifitseerib \u00fclitugeva s\u00fcnteetilise uimasti fentan\u00fc\u00fcli massih\u00e4vitusrelvaks, millega intensiivistab oma administratsiooni kampaaniat&hellip;\n","protected":false},"author":2,"featured_media":66999,"comment_status":"","ping_status":"","sticky":false,"template":"","format":"standard","meta":{"footnotes":"","_share_on_mastodon":"0"},"categories":[80],"tags":[26,27,324,37,33,35,34,36,31,32,3640,21,28,29,95,33413,19,25,23,24,22,20,30,92,93,94],"class_list":["post-66998","post","type-post","status-publish","format-standard","has-post-thumbnail","category-maailm","tag-breaking-news","tag-breakingnews","tag-donald-trump","tag-ee","tag-eesti","tag-eesti-keel","tag-estonia","tag-estonian","tag-featured-news","tag-featurednews","tag-fentanuul","tag-headlines","tag-latest-news","tag-latestnews","tag-maailm","tag-massihavitusrelv","tag-news","tag-populaarseimad-lood","tag-top-stories","tag-topstories","tag-uldised-uudised","tag-uudised","tag-viimased-uudised","tag-world","tag-world-news","tag-worldnews"],"share_on_mastodon":{"url":"https:\/\/pubeurope.com\/@ee\/115736476594509169","error":""},"_links":{"self":[{"href":"https:\/\/www.europesays.com\/ee\/wp-json\/wp\/v2\/posts\/66998","targetHints":{"allow":["GET"]}}],"collection":[{"href":"https:\/\/www.europesays.com\/ee\/wp-json\/wp\/v2\/posts"}],"about":[{"href":"https:\/\/www.europesays.com\/ee\/wp-json\/wp\/v2\/types\/post"}],"author":[{"embeddable":true,"href":"https:\/\/www.europesays.com\/ee\/wp-json\/wp\/v2\/users\/2"}],"replies":[{"embeddable":true,"href":"https:\/\/www.europesays.com\/ee\/wp-json\/wp\/v2\/comments?post=66998"}],"version-history":[{"count":0,"href":"https:\/\/www.europesays.com\/ee\/wp-json\/wp\/v2\/posts\/66998\/revisions"}],"wp:featuredmedia":[{"embeddable":true,"href":"https:\/\/www.europesays.com\/ee\/wp-json\/wp\/v2\/media\/66999"}],"wp:attachment":[{"href":"https:\/\/www.europesays.com\/ee\/wp-json\/wp\/v2\/media?parent=66998"}],"wp:term":[{"taxonomy":"category","embeddable":true,"href":"https:\/\/www.europesays.com\/ee\/wp-json\/wp\/v2\/categories?post=66998"},{"taxonomy":"post_tag","embeddable":true,"href":"https:\/\/www.europesays.com\/ee\/wp-json\/wp\/v2\/tags?post=66998"}],"curies":[{"name":"wp","href":"https:\/\/api.w.org\/{rel}","templated":true}]}}