{"id":67117,"date":"2025-12-17T23:54:11","date_gmt":"2025-12-17T23:54:11","guid":{"rendered":"https:\/\/www.europesays.com\/ee\/67117\/"},"modified":"2025-12-17T23:54:11","modified_gmt":"2025-12-17T23:54:11","slug":"vene-piirivalvurid-uletasid-kolmapaeval-vasknarvas-eesti-vene-kontrolljoone-eesti-2","status":"publish","type":"post","link":"https:\/\/www.europesays.com\/ee\/67117\/","title":{"rendered":"Vene piirivalvurid \u00fcletasid kolmap\u00e4eval Vasknarvas Eesti-Vene kontrolljoone | Eesti"},"content":{"rendered":"<p>Kolmap\u00e4eva hommikul saabusid kolm vormis meest Narva j\u00f5es Vasknarva muulile. Mehed lahkusid enne seda kui Eesti v\u00f5imud neid k\u00fcsitleda j\u00f5udsid, \u00fctles &#8220;Aktuaalses kaameras&#8221; siseminister Igor Taro.<\/p>\n<p>Kolmap\u00e4eval enne kella 10 hommikul tuvastasid Ida prefektuuri piirivalvurid seirekaameraga Venemaa piirivalvurite liikumise h\u00f5ljukiga Narva j\u00f5el Vasknarva muulil.<\/p>\n<p>H\u00f5ljuk peatus muuli juures ning sellest v\u00e4ljus kolm piirivalvurit, kes liikusid jalgsi m\u00f6\u00f6da muuli. Selle k\u00e4igus \u00fcletasid Venemaa piirivalvurid kontrolljoont suunaga Venemaalt Eestisse ning tagasi muuli Venemaa poolsesse kaldasse. P\u00e4rast seda naasid piirivalvurid oma h\u00f5ljuki juurde ning liikusid sellega Venemaa poolsesse kaldasse.<\/p>\n<p>Ida prefektuuri piirivalveb\u00fcroo juht Eerik Purgel kirjeldas, et piirivahejuhtumile reageeris mitu Eesti piirivalvepatrulli.<\/p>\n<p>&#8220;S\u00fcndmustik on fikseeritud seireseadmetega ning tegime muulil ka esmase kontrolli. Selgituste saamiseks on loodud ametlik kontakt Vene F\u00f6deratsiooni piiriesindusega,&#8221; \u00fctles ta.<\/p>\n<p>Ida prefektuur suurendas ka patrullide v\u00e4ljapanekut, et olla valmis reageerima t\u00e4iendavatele juhtumitele.<\/p>\n<p>Piiriesindajate kohtumine on plaanitud neljap\u00e4eva ennel\u00f5unale, kus Eesti ootab Vene F\u00f6deratsiooni selgitust piiri\u00fcletuse kohta. V\u00e4lisministeerium kutsub v\u00e4lja Venemaa saatkonna ajutise asjuri.\u00a0<\/p>\n<p>PPA video piiririkkumisest:<\/p>\n<p>Taro: motiivid on ebaselged<\/p>\n<p>Siseminister Taro \u00fctles &#8220;Aktuaalses kaameras&#8221;, et Eesti jaoks on ebaselge, mis olid nende motiivid, miks nad seda tegid.<\/p>\n<p>&#8220;Otsest julgeolekuohtu sellest ei tekkinud, k\u00fcll on PPA oma kohalolu ja patrulle oluliselt tugevdanud,&#8221; \u00fctles Taro.<\/p>\n<p>Taro m\u00e4rkis, et k\u00f5nealune muul on selline, mis on osaliselt Eesti ja osaliselt Venemaa territooriumil. &#8220;Nad liikusid meie territooriumile sisse. \u00dcks mure, mis meil Vene piirivalvega on, on see, et nende piirivalvurite kvaliteet on muutunud \u00e4\u00e4rmiselt h\u00fcplikuks viimastel aastatel ja m\u00f5istetavatel p\u00f5hjustel, neil ei ole enam kaadrit. Sinna tuleb inimesi teistest piirkondadest. See on olnud korduv probleem,&#8221; lausus Taro.<\/p>\n<p>K\u00fcsimusele, miks piiririkkujaid kinni ei peetud, vastas Taro, et nad j\u00f5udsid enne lahkuda Venemaa territooriumile tagasi. &#8220;Meil ei ole v\u00f5imalik minna neid Venemaa s\u00fcgavustesse p\u00fc\u00fcdma,&#8221; \u00fctles ta.<\/p>\n<p>Kas tegu v\u00f5is olla j\u00e4rjekordse provokatsiooniga Venemaa poolt, ei osanud Taro \u00f6elda. &#8220;Selles osas meil selgust ei ole. Selleks on meil kokku lepitud neljap\u00e4evaks piiriesindajate kohtumine,&#8221; lausus ta.<\/p>\n<p>Taro selgitas, et tegu on alaga, kust Narva j\u00f5est Peipsi j\u00e4rvele p\u00e4\u00e4semiseks peavad Venemaa alused l\u00e4bima Eesti territooriumi. &#8220;Selleks on olemas pikaaegne kokkulepe, nagu Saatse saapas vanasti oli. Alati on nad teavitanud sellest \/&#8230;\/ Seekord nad sellest ei teavitanud ja niisugune intsident on toimunud,&#8221; lausus ta.<\/p>\n<p><img decoding=\"async\" data-photo-id=\"3055860\" src=\"https:\/\/www.europesays.com\/ee\/wp-content\/uploads\/2025\/10\/3055860hdd0ct24.png\"\/>Kui muidu kulgeb kontrolljoon Narva j\u00f5e keskel, siis Vasknarva kandis l\u00e4heb piir Narva j\u00f5e idakaldalt. Autor\/allikas: Taavi Pae, Ago Tominga<\/p>\n<p>Narva j\u00f5elt ei ole v\u00f5imalik s\u00f5ita Peipsi j\u00e4rvele ilma Eesti territooriumit l\u00e4bimata<\/p>\n<p><a href=\"https:\/\/www.err.ee\/1609832721\/vasknarva-anomaalia-vene-kalalaevad-peavad-peipsile-paasemiseks-eestilt-luba-kusima\" target=\"_blank\" rel=\"noopener nofollow\">ERR kirjutas oktoobris<\/a> niinimetatud Vasknarva anomaaliast, kus Vene kalalaevad peavad Peipsile p\u00e4\u00e4semiseks Eestilt luba k\u00fcsima.<\/p>\n<p>Narva j\u00f5elt ei ole v\u00f5imalik s\u00f5ita paadiga Peipsi j\u00e4rvele ilma Eesti territooriumit l\u00e4bimata, sest Vasknarva kandis kulgeb kontrolljoon hoopis m\u00f6\u00f6da idakallast. K\u00f5ik Vene alused, kes soovivad seda teha, peavad Eesti piirivalvelt k\u00fcsima luba. Eestile kuulub ka osa Narva j\u00f5e tagusest maismaast, mis sinna on viimase sajandi jooksul tekkinud.<\/p>\n<p>Piiril\u00f5ik p\u00e4rineb N\u00f5ukogude ajast, mil see m\u00e4rgiti kahe liiduvabariigi ehk Eesti NSV ja Vene NFSV vaheliseks halduspiiriks. P\u00e4rast Eesti taasiseseisvumist sai sellest omakorda kontrolljoon Eesti ja Venemaa vahel.<\/p>\n<p>Politsei- ja piirivalveameti Ida prefektuuri piirivalveb\u00fcroo juhi Eerik Purgel \u00fctles oktoobris, et mingeid arusaamatusi kontrolljoone asukoha osas Venemaaga seni ei ole olnud.<\/p>\n<p>Purgel r\u00e4\u00e4kis, et aluseid, kes igap\u00e4evaselt Eesti territooriumi l\u00e4biks, on v\u00e4he.<\/p>\n<p>&#8220;Igap\u00e4evaselt on Narva j\u00f5el Karoli vastas \u00fcks kalatraaler, mis liigub Peipsi j\u00e4rvele kalastama,&#8221; kirjeldas ta. &#8220;Statistiliselt liigubki seal igap\u00e4evaselt ainult umbes \u00fcks alus \u2013 see on selline keskmine liikumine,&#8221; \u00fctles Purgel.<\/p>\n<p>Venemaa kodanikud kasutavad Eesti piirivalvega \u00fchenduse v\u00f5tmiseks mereraadiot.<\/p>\n<p><img decoding=\"async\" data-photo-id=\"3055782\" src=\"https:\/\/www.europesays.com\/ee\/wp-content\/uploads\/2025\/10\/3055782h6b0ct24.jpg\"\/>Geograaf Taavi Pae k\u00e4is Eestile kuuluvat Narva j\u00f5e idakanti koos piirivalvega uudistamas 2008. aastal. Autor\/allikas: Taavi Pae<\/p>\n","protected":false},"excerpt":{"rendered":"Kolmap\u00e4eva hommikul saabusid kolm vormis meest Narva j\u00f5es Vasknarva muulile. Mehed lahkusid enne seda kui Eesti v\u00f5imud neid&hellip;\n","protected":false},"author":2,"featured_media":67118,"comment_status":"","ping_status":"","sticky":false,"template":"","format":"standard","meta":{"footnotes":"","_share_on_mastodon":"0"},"categories":[12],"tags":[26,27,37,33,35,10495,34,36,31,32,21,28,29,19,10243,25,23,24,22,20,12906,30],"class_list":["post-67117","post","type-post","status-publish","format-standard","has-post-thumbnail","category-eesti","tag-breaking-news","tag-breakingnews","tag-ee","tag-eesti","tag-eesti-keel","tag-eesti-vene-piir","tag-estonia","tag-estonian","tag-featured-news","tag-featurednews","tag-headlines","tag-latest-news","tag-latestnews","tag-news","tag-piiririkkumine","tag-populaarseimad-lood","tag-top-stories","tag-topstories","tag-uldised-uudised","tag-uudised","tag-vasknarva","tag-viimased-uudised"],"share_on_mastodon":{"url":"https:\/\/pubeurope.com\/@ee\/115737609173958697","error":""},"_links":{"self":[{"href":"https:\/\/www.europesays.com\/ee\/wp-json\/wp\/v2\/posts\/67117","targetHints":{"allow":["GET"]}}],"collection":[{"href":"https:\/\/www.europesays.com\/ee\/wp-json\/wp\/v2\/posts"}],"about":[{"href":"https:\/\/www.europesays.com\/ee\/wp-json\/wp\/v2\/types\/post"}],"author":[{"embeddable":true,"href":"https:\/\/www.europesays.com\/ee\/wp-json\/wp\/v2\/users\/2"}],"replies":[{"embeddable":true,"href":"https:\/\/www.europesays.com\/ee\/wp-json\/wp\/v2\/comments?post=67117"}],"version-history":[{"count":0,"href":"https:\/\/www.europesays.com\/ee\/wp-json\/wp\/v2\/posts\/67117\/revisions"}],"wp:featuredmedia":[{"embeddable":true,"href":"https:\/\/www.europesays.com\/ee\/wp-json\/wp\/v2\/media\/67118"}],"wp:attachment":[{"href":"https:\/\/www.europesays.com\/ee\/wp-json\/wp\/v2\/media?parent=67117"}],"wp:term":[{"taxonomy":"category","embeddable":true,"href":"https:\/\/www.europesays.com\/ee\/wp-json\/wp\/v2\/categories?post=67117"},{"taxonomy":"post_tag","embeddable":true,"href":"https:\/\/www.europesays.com\/ee\/wp-json\/wp\/v2\/tags?post=67117"}],"curies":[{"name":"wp","href":"https:\/\/api.w.org\/{rel}","templated":true}]}}