{"id":67338,"date":"2025-12-18T08:51:13","date_gmt":"2025-12-18T08:51:13","guid":{"rendered":"https:\/\/www.europesays.com\/ee\/67338\/"},"modified":"2025-12-18T08:51:13","modified_gmt":"2025-12-18T08:51:13","slug":"postipakkide-ja-kirjade-saatmine-laheb-veebruarist-kallimaks","status":"publish","type":"post","link":"https:\/\/www.europesays.com\/ee\/67338\/","title":{"rendered":"Postipakkide ja kirjade saatmine l\u00e4heb veebruarist kallimaks"},"content":{"rendered":"<p>Muudatuse eesm\u00e4rk on tuua postikande hind l\u00e4hemale teenuse osutamise tegelikule kulule, et tagada postiteenuse j\u00e4tkusuutlikkus Eestis.<\/p>\n<p>Alates veebruarist maksab standardkirja saatmine Eestis 1.80 eurot, ekspresskirja saatmine 3.10 eurot ning t\u00e4hitud kirja saatmine 8.30 eurot. Rahvusvahelise standardkirja saatmine maksab 3.90 eurot, t\u00e4hitud kirjana 8,80 eurot. Maksikirjade ja postipakkide saatmise hinnad t\u00f5usevad umbes 8% v\u00f5rra, t\u00e4pne uus hind oleneb kirja v\u00f5i paki kaalust.<\/p>\n<p>Postiteenuste kasutatavus on infovahetuse digitaliseerimise t\u00f5ttu viimasel aastak\u00fcmnel j\u00e4rjepidevalt v\u00e4henenud, mis t\u00e4hendab, et iga \u00fcksiku saadetise k\u00e4ttetoimetamine muutub j\u00e4rjest kulukamaks. 2025. aasta esimese \u00fcheksa kuuga langes universaalteenuse kasutatavus v\u00f5rreldes varasema aastaga 16%. Kirju saadetakse alla \u00fche kirja elaniku kohta aastas. Samal ajal on teenuse osutamise kulu t\u00f5stnud ka \u00fcldine hinnat\u00f5us ja palgakasv. Tulemusena t\u00f5i universaalteenuse osutamine Omnivale t\u00e4navu \u00fcheksa kuuga 1,9 miljonit eurot kahjumit.<\/p>\n<p>\u00abTeenuse hind kliendile j\u00e4\u00e4b madalamaks kui teenuse osutamise kulu Omnivale ka p\u00e4rast hinnat\u00f5usu. Teeme koost\u00f6\u00f6d riigiga, et leida Eesti jaoks pikaajaliselt j\u00e4tkusuutlik postiteenuse mudel. Samuti otsime aktiivselt lahendusi, kuidas kulusid kokku hoida ja efektiivsust t\u00f5sta \u2013 alates postiv\u00f5rgu optimeerimisest kuni uute tehnoloogiliste lahendusteni, mis aitaksid toimetada kirju kohale t\u00f5husamalt ka v\u00e4ikese mahu ajastul,\u00bb s\u00f5nas Omniva juhatuse esimees Martti Kuldma.<\/p>\n<p>Universaalne postiteenus on riigi poolt reguleeritud postiteenus, mis peab olema taskukohase hinna eest k\u00e4ttesaadav k\u00f5igile inimestele \u00fcle Eesti. Universaalse postiteenuse hinnad m\u00e4\u00e4rab regionaal- ja p\u00f5llumajandusminister, l\u00e4htudes Konkurentsiameti ettepanekust. Universaalse postiteenuse osutaja valitakse viieks aastaks Konkurentsiameti avaliku konkursiga. Praegu on UPT osutaja AS Eesti Post ehk Omniva, kellega leping kehtib aastani 2029.<\/p>\n<p>Ministri m\u00e4\u00e4rusega kinnitatud hinnat\u00f5us puudutab ainult Omniva universaalseid postiteenuseid Eestis. Omniva kommertsteenuste, sealhulgas pakiautomaadi ja kulleriteenuste hinnad selle muutusega ei t\u00f5use.<\/p>\n","protected":false},"excerpt":{"rendered":"Muudatuse eesm\u00e4rk on tuua postikande hind l\u00e4hemale teenuse osutamise tegelikule kulule, et tagada postiteenuse j\u00e4tkusuutlikkus Eestis. Alates veebruarist&hellip;\n","protected":false},"author":2,"featured_media":67339,"comment_status":"","ping_status":"","sticky":false,"template":"","format":"standard","meta":{"footnotes":"","_share_on_mastodon":"0"},"categories":[12],"tags":[26,27,37,33,35,255,34,36,31,32,21,43,7639,34225,28,29,19,254,25,9707,34224,23,24,22,34226,20,30],"class_list":["post-67338","post","type-post","status-publish","format-standard","has-post-thumbnail","category-eesti","tag-breaking-news","tag-breakingnews","tag-ee","tag-eesti","tag-eesti-keel","tag-eesti-post","tag-estonia","tag-estonian","tag-featured-news","tag-featurednews","tag-headlines","tag-hinnatous","tag-konkurentsiamet","tag-kuldma","tag-latest-news","tag-latestnews","tag-news","tag-omniva","tag-populaarseimad-lood","tag-postiteenus","tag-teenuse-kulu","tag-top-stories","tag-topstories","tag-uldised-uudised","tag-universalteenus","tag-uudised","tag-viimased-uudised"],"share_on_mastodon":{"url":"https:\/\/pubeurope.com\/@ee\/115739720632413211","error":""},"_links":{"self":[{"href":"https:\/\/www.europesays.com\/ee\/wp-json\/wp\/v2\/posts\/67338","targetHints":{"allow":["GET"]}}],"collection":[{"href":"https:\/\/www.europesays.com\/ee\/wp-json\/wp\/v2\/posts"}],"about":[{"href":"https:\/\/www.europesays.com\/ee\/wp-json\/wp\/v2\/types\/post"}],"author":[{"embeddable":true,"href":"https:\/\/www.europesays.com\/ee\/wp-json\/wp\/v2\/users\/2"}],"replies":[{"embeddable":true,"href":"https:\/\/www.europesays.com\/ee\/wp-json\/wp\/v2\/comments?post=67338"}],"version-history":[{"count":0,"href":"https:\/\/www.europesays.com\/ee\/wp-json\/wp\/v2\/posts\/67338\/revisions"}],"wp:featuredmedia":[{"embeddable":true,"href":"https:\/\/www.europesays.com\/ee\/wp-json\/wp\/v2\/media\/67339"}],"wp:attachment":[{"href":"https:\/\/www.europesays.com\/ee\/wp-json\/wp\/v2\/media?parent=67338"}],"wp:term":[{"taxonomy":"category","embeddable":true,"href":"https:\/\/www.europesays.com\/ee\/wp-json\/wp\/v2\/categories?post=67338"},{"taxonomy":"post_tag","embeddable":true,"href":"https:\/\/www.europesays.com\/ee\/wp-json\/wp\/v2\/tags?post=67338"}],"curies":[{"name":"wp","href":"https:\/\/api.w.org\/{rel}","templated":true}]}}