{"id":67471,"date":"2025-12-18T11:25:08","date_gmt":"2025-12-18T11:25:08","guid":{"rendered":"https:\/\/www.europesays.com\/ee\/67471\/"},"modified":"2025-12-18T11:25:08","modified_gmt":"2025-12-18T11:25:08","slug":"sunoptikud-lubavad-jouluohtuks-karget-talveilma-keskkond","status":"publish","type":"post","link":"https:\/\/www.europesays.com\/ee\/67471\/","title":{"rendered":"S\u00fcnoptikud lubavad j\u00f5ulu\u00f5htuks karget talveilma | Keskkond"},"content":{"rendered":"<p>Keskkonnaagentuuri prognoos n\u00e4itab, et kuigi n\u00e4dala alguse j\u00e4rsk jahenemine toob p\u00fchadeks miinuskraadid, ei tasu kohevat lumevaipa oodata.<\/p>\n<p>Senine s\u00fcgisene ja valdavalt vesine ilmamuster saab l\u00f5pu. Atlandil p\u00f6\u00f6rlevatele ts\u00fcklonitele on Skandinaavia kohal ette kerkinud k\u00f5rgr\u00f5huala, mis toimib atmosf\u00e4\u00e4rse m\u00fc\u00fcrina. See takistab sooja \u00f5hu liikumist ja avab tee loodevoolule, mis kannab L\u00e4\u00e4nemere \u00fcmbrusse k\u00fclmema \u00f5humassi. Venemaal p\u00f6\u00f6rlev madalr\u00f5huala aitab jaheduse sissetungile kaasa, surudes \u00f5hutemperatuuri miinuskraadidesse.<\/p>\n<p>Kuigi termomeetrin\u00e4it liigub teisip\u00e4eval p\u00fcsivalt miinuspoolele, pole m\u00f5tet paksu lumevaipa veel oodata. S\u00fcnoptikute hinnangul j\u00e4\u00e4b sademete hulk selleks liiga v\u00e4ikeseks. Seega tuleb p\u00fchademeeleolu luua pigem karge \u00f5hu ja h\u00e4rmatisega.<\/p>\n<p>J\u00f5ululaup\u00e4ev t\u00f5otab tulla n\u00e4dala k\u00f5ige talvisem. Tuul vaibub ja \u00f5hutemperatuur langeb \u00f6\u00f6sel sisemaal -10 \u00b0C kraadi l\u00e4hedale, p\u00e4eval p\u00fcsib viie miinuskraadi juures. Mere ja lahtede \u00e4\u00e4res, kus j\u00e4\u00e4d veel pole, on k\u00fclmataadi haare leebem. See loob eelduse rahulikuks ja kargeks j\u00f5ulu\u00f5htuks, mida ei sega tormituuled ega l\u00f6rtsisadu.<\/p>\n<p>Stabiilne talveilm ei j\u00e4\u00e4 aga pikalt p\u00fcsima. Juba esimese j\u00f5ulup\u00fcha \u00f5htul muutub \u00f5huruum Venemaa kohal rahutuks ja tugevnev l\u00e4\u00e4nekaare tuul annab m\u00e4rku mahedama \u00f5humassi l\u00e4henemisest.<\/p>\n<p>Teisel p\u00fchal asendub j\u00f5ululaup\u00e4eva vaikus tuulisema ilmaga. Siin-seal sajab lund, mille sekka v\u00f5ib visata j\u00e4iseid terasid. \u00d5hutemperatuur teeb j\u00f5nksu \u00fclespoole: rannikul kerkib temperatuurin\u00e4it plusspoolele, sisemaal j\u00e4\u00e4b napilt alla nulli.<\/p>\n<p><a href=\"https:\/\/www.ilmateenistus.ee\/ilm\/prognoosid\/4-oopaeva-prognoos\/\" target=\"_blank\" rel=\"noopener nofollow\">Prognoosmudelid n\u00e4itavad<\/a>, et aasta viimaseid p\u00e4evi j\u00e4\u00e4b iseloomustama heitlus talvise karguse ja l\u00fchiajaliste sulade vahel. Suurt ja p\u00fcsivat vesist p\u00f6\u00f6ret praegused andmed siiski ei luba, pigem j\u00e4tkub r\u00f5hkkondade maadlusmat\u0161 aasta l\u00f5puni.<\/p>\n","protected":false},"excerpt":{"rendered":"Keskkonnaagentuuri prognoos n\u00e4itab, et kuigi n\u00e4dala alguse j\u00e4rsk jahenemine toob p\u00fchadeks miinuskraadid, ei tasu kohevat lumevaipa oodata. Senine&hellip;\n","protected":false},"author":2,"featured_media":67472,"comment_status":"","ping_status":"","sticky":false,"template":"","format":"standard","meta":{"footnotes":"","_share_on_mastodon":"0"},"categories":[12],"tags":[26,27,37,33,35,34,36,31,32,21,34327,28,29,19,25,23,24,22,20,30],"class_list":["post-67471","post","type-post","status-publish","format-standard","has-post-thumbnail","category-eesti","tag-breaking-news","tag-breakingnews","tag-ee","tag-eesti","tag-eesti-keel","tag-estonia","tag-estonian","tag-featured-news","tag-featurednews","tag-headlines","tag-jouluilm","tag-latest-news","tag-latestnews","tag-news","tag-populaarseimad-lood","tag-top-stories","tag-topstories","tag-uldised-uudised","tag-uudised","tag-viimased-uudised"],"share_on_mastodon":{"url":"https:\/\/pubeurope.com\/@ee\/115740326229543956","error":""},"_links":{"self":[{"href":"https:\/\/www.europesays.com\/ee\/wp-json\/wp\/v2\/posts\/67471","targetHints":{"allow":["GET"]}}],"collection":[{"href":"https:\/\/www.europesays.com\/ee\/wp-json\/wp\/v2\/posts"}],"about":[{"href":"https:\/\/www.europesays.com\/ee\/wp-json\/wp\/v2\/types\/post"}],"author":[{"embeddable":true,"href":"https:\/\/www.europesays.com\/ee\/wp-json\/wp\/v2\/users\/2"}],"replies":[{"embeddable":true,"href":"https:\/\/www.europesays.com\/ee\/wp-json\/wp\/v2\/comments?post=67471"}],"version-history":[{"count":0,"href":"https:\/\/www.europesays.com\/ee\/wp-json\/wp\/v2\/posts\/67471\/revisions"}],"wp:featuredmedia":[{"embeddable":true,"href":"https:\/\/www.europesays.com\/ee\/wp-json\/wp\/v2\/media\/67472"}],"wp:attachment":[{"href":"https:\/\/www.europesays.com\/ee\/wp-json\/wp\/v2\/media?parent=67471"}],"wp:term":[{"taxonomy":"category","embeddable":true,"href":"https:\/\/www.europesays.com\/ee\/wp-json\/wp\/v2\/categories?post=67471"},{"taxonomy":"post_tag","embeddable":true,"href":"https:\/\/www.europesays.com\/ee\/wp-json\/wp\/v2\/tags?post=67471"}],"curies":[{"name":"wp","href":"https:\/\/api.w.org\/{rel}","templated":true}]}}