{"id":67791,"date":"2025-12-18T17:30:08","date_gmt":"2025-12-18T17:30:08","guid":{"rendered":"https:\/\/www.europesays.com\/ee\/67791\/"},"modified":"2025-12-18T17:30:08","modified_gmt":"2025-12-18T17:30:08","slug":"kristjan-ilves-lendas-ramsau-proovivoistlusel-paremini-kui-eelmistel-mk-etappidel","status":"publish","type":"post","link":"https:\/\/www.europesays.com\/ee\/67791\/","title":{"rendered":"Kristjan Ilves lendas Ramsau prooviv\u00f5istlusel paremini kui eelmistel MK-etappidel"},"content":{"rendered":"<p>Ilves h\u00fcppas normaalm\u00e4el 89 meetrit, mille eest teenis 114,8 punkti. Olgu \u00f6eldud, et Trondheimi MK-etapil sai Ilves 23. ja 27. koha.<\/p>\n<p>Kolm paremat tulemust tegid t\u00e4na austerlased. Thomas Rettenegger h\u00fcppas 99,5 meetrit, mille eest andsid kohtunikud talle 131,6 punkti. Franz-Josef Rehrli \u00f5hulend kandus 94,5 meetrile ja ta sai selle eest 130,4 punkti. Paul Walcher h\u00fcppas 93 meetrit ning teenis 125,9 punkti.<\/p>\n<p>PCR on eelv\u00f5istlus, mille tulemused v\u00f5etakse kasutusele, kui emma-kumma p\u00f5hiv\u00f5istluse h\u00fcppevooru pole kehva ilma t\u00f5ttu v\u00f5imalik l\u00e4bi viia.<\/p>\n<p>Reedel v\u00f5istlevad kahev\u00f5istlejad k\u00f5igepalt \u00fchisstardist murdmaas\u00f5idus, millele j\u00e4rgneb h\u00fcppevoor. laup\u00e4eval on kavas Gunderseni v\u00f5istlus.<\/p>\n","protected":false},"excerpt":{"rendered":"Ilves h\u00fcppas normaalm\u00e4el 89 meetrit, mille eest teenis 114,8 punkti. Olgu \u00f6eldud, et Trondheimi MK-etapil sai Ilves 23.&hellip;\n","protected":false},"author":2,"featured_media":67792,"comment_status":"","ping_status":"","sticky":false,"template":"","format":"standard","meta":{"footnotes":"","_share_on_mastodon":"0"},"categories":[18],"tags":[37,33,35,34,36,1684,23188,27323,34494,34492,159,158,1911,34493],"class_list":["post-67791","post","type-post","status-publish","format-standard","has-post-thumbnail","category-sport","tag-ee","tag-eesti","tag-eesti-keel","tag-estonia","tag-estonian","tag-ilves","tag-kahevoistlus","tag-pcr","tag-rehrli","tag-rettenegger","tag-sport","tag-sports","tag-trondheim","tag-walcher"],"share_on_mastodon":{"url":"https:\/\/pubeurope.com\/@ee\/115741761527361136","error":""},"_links":{"self":[{"href":"https:\/\/www.europesays.com\/ee\/wp-json\/wp\/v2\/posts\/67791","targetHints":{"allow":["GET"]}}],"collection":[{"href":"https:\/\/www.europesays.com\/ee\/wp-json\/wp\/v2\/posts"}],"about":[{"href":"https:\/\/www.europesays.com\/ee\/wp-json\/wp\/v2\/types\/post"}],"author":[{"embeddable":true,"href":"https:\/\/www.europesays.com\/ee\/wp-json\/wp\/v2\/users\/2"}],"replies":[{"embeddable":true,"href":"https:\/\/www.europesays.com\/ee\/wp-json\/wp\/v2\/comments?post=67791"}],"version-history":[{"count":0,"href":"https:\/\/www.europesays.com\/ee\/wp-json\/wp\/v2\/posts\/67791\/revisions"}],"wp:featuredmedia":[{"embeddable":true,"href":"https:\/\/www.europesays.com\/ee\/wp-json\/wp\/v2\/media\/67792"}],"wp:attachment":[{"href":"https:\/\/www.europesays.com\/ee\/wp-json\/wp\/v2\/media?parent=67791"}],"wp:term":[{"taxonomy":"category","embeddable":true,"href":"https:\/\/www.europesays.com\/ee\/wp-json\/wp\/v2\/categories?post=67791"},{"taxonomy":"post_tag","embeddable":true,"href":"https:\/\/www.europesays.com\/ee\/wp-json\/wp\/v2\/tags?post=67791"}],"curies":[{"name":"wp","href":"https:\/\/api.w.org\/{rel}","templated":true}]}}