{"id":68059,"date":"2025-12-19T06:13:08","date_gmt":"2025-12-19T06:13:08","guid":{"rendered":"https:\/\/www.europesays.com\/ee\/68059\/"},"modified":"2025-12-19T06:13:08","modified_gmt":"2025-12-19T06:13:08","slug":"usa-politsei-leidis-browni-ulikooli-tulistamises-kahtlustatava-surnuna-valismaa","status":"publish","type":"post","link":"https:\/\/www.europesays.com\/ee\/68059\/","title":{"rendered":"USA politsei leidis Browni \u00fclikooli tulistamises kahtlustatava surnuna | V\u00e4lismaa"},"content":{"rendered":"<p>Relvastatud inimene tappis m\u00f6\u00f6dunud laup\u00e4eval USA mainekas Browni \u00fclikoolis kaks inimest ja seej\u00e4rel algas riigis \u00fcldine klaperjaht m\u00f5rvarile. Politsei teatas neljap\u00e4eval, et tulistamises kahtlustatav mees leiti surnuna.<\/p>\n<p>Politsei suutis neljap\u00e4evaks tuvastada tulistaja ning teatas, et kahtlustatav tegi enesetapu. Providence&#8217;i politsei\u00fclem Oscar Perez teatas, et kahtlustatav on 48-aastane Portugali kodanik Claudio Neves Valente, kes varem \u00f5ppis Browni \u00fclikoolis.<\/p>\n<p>V\u00f5imud eeldavad, et Claudio Neves Valente avas m\u00f6\u00f6dunud laup\u00e4eval Browni \u00fclikoolis tule ning lasi esmasp\u00e4eval maha Massachusettsi Tehnoloogiainstituudi (MIT) professori Nuno F.G. Loureiro.\u00a0<\/p>\n<p>V\u00f5imude teatel pole veel selge, miks kahtlustatav Browni \u00fclikoolis tule avas. Eeldatakse, et ta tegutses \u00fcksi. V\u00f5imud teatasid, et Loureiro ja Neves Valente \u00f5ppisid aastatel 1995\u20132000 koos Portugalis<\/p>\n<p>V\u00f5imude s\u00f5nul oli Neves Valente viimane teadaolev aadress Miamis. Eelmise kuu l\u00f5pus v\u00f5ttis ta Bostonis hotellitoa (sama linna l\u00e4hedal tappis ta ka Loureiro). Seej\u00e4rel rentis ta auto ja s\u00f5itis Browni \u00fclikooli. Ta viibis Browni \u00fclikooli piirkonnas kuni laup\u00e4evani ja naasis seej\u00e4rel Bostoni. Ta kasutas krediitkaarte, mis ei olnud tema nimel.<\/p>\n<p>Neves Valente \u00f5ppis Browni \u00fclikoolis aastatel 2000\u20132001 f\u00fc\u00fcsikat, seej\u00e4rel v\u00f5ttis ta akadeemilise puhkuse ja ametlikult lahkus ta Ivy League&#8217;i \u00fclikoolist 2003. aastal.<\/p>\n","protected":false},"excerpt":{"rendered":"Relvastatud inimene tappis m\u00f6\u00f6dunud laup\u00e4eval USA mainekas Browni \u00fclikoolis kaks inimest ja seej\u00e4rel algas riigis \u00fcldine klaperjaht m\u00f5rvarile.&hellip;\n","protected":false},"author":2,"featured_media":68060,"comment_status":"","ping_status":"","sticky":false,"template":"","format":"standard","meta":{"footnotes":"","_share_on_mastodon":"0"},"categories":[80],"tags":[26,27,32485,37,33,35,34,36,31,32,21,28,29,95,19,25,23,24,2051,22,325,20,30,92,93,94],"class_list":["post-68059","post","type-post","status-publish","format-standard","has-post-thumbnail","category-maailm","tag-breaking-news","tag-breakingnews","tag-browni-ulikool","tag-ee","tag-eesti","tag-eesti-keel","tag-estonia","tag-estonian","tag-featured-news","tag-featurednews","tag-headlines","tag-latest-news","tag-latestnews","tag-maailm","tag-news","tag-populaarseimad-lood","tag-top-stories","tag-topstories","tag-tulistamine","tag-uldised-uudised","tag-usa","tag-uudised","tag-viimased-uudised","tag-world","tag-world-news","tag-worldnews"],"share_on_mastodon":{"url":"https:\/\/pubeurope.com\/@ee\/115744761590416086","error":""},"_links":{"self":[{"href":"https:\/\/www.europesays.com\/ee\/wp-json\/wp\/v2\/posts\/68059","targetHints":{"allow":["GET"]}}],"collection":[{"href":"https:\/\/www.europesays.com\/ee\/wp-json\/wp\/v2\/posts"}],"about":[{"href":"https:\/\/www.europesays.com\/ee\/wp-json\/wp\/v2\/types\/post"}],"author":[{"embeddable":true,"href":"https:\/\/www.europesays.com\/ee\/wp-json\/wp\/v2\/users\/2"}],"replies":[{"embeddable":true,"href":"https:\/\/www.europesays.com\/ee\/wp-json\/wp\/v2\/comments?post=68059"}],"version-history":[{"count":0,"href":"https:\/\/www.europesays.com\/ee\/wp-json\/wp\/v2\/posts\/68059\/revisions"}],"wp:featuredmedia":[{"embeddable":true,"href":"https:\/\/www.europesays.com\/ee\/wp-json\/wp\/v2\/media\/68060"}],"wp:attachment":[{"href":"https:\/\/www.europesays.com\/ee\/wp-json\/wp\/v2\/media?parent=68059"}],"wp:term":[{"taxonomy":"category","embeddable":true,"href":"https:\/\/www.europesays.com\/ee\/wp-json\/wp\/v2\/categories?post=68059"},{"taxonomy":"post_tag","embeddable":true,"href":"https:\/\/www.europesays.com\/ee\/wp-json\/wp\/v2\/tags?post=68059"}],"curies":[{"name":"wp","href":"https:\/\/api.w.org\/{rel}","templated":true}]}}