{"id":68100,"date":"2025-12-19T07:12:10","date_gmt":"2025-12-19T07:12:10","guid":{"rendered":"https:\/\/www.europesays.com\/ee\/68100\/"},"modified":"2025-12-19T07:12:10","modified_gmt":"2025-12-19T07:12:10","slug":"trump-peatas-browni-ulikooli-tulistamise-tottu-rohelise-kaardi-loterii-valismaa","status":"publish","type":"post","link":"https:\/\/www.europesays.com\/ee\/68100\/","title":{"rendered":"Trump peatas Browni \u00fclikooli tulistamise t\u00f5ttu rohelise kaardi loterii | V\u00e4lismaa"},"content":{"rendered":"<p>USA president Donald Trump k\u00e4skis peatada populaarse rohelise kaardi loterii, kuna sellega p\u00e4\u00e4ses Ameerika \u00dchendriikidesse Browni \u00fclikooli tulistamises kahtlustatav.<\/p>\n<p>Sisejulgeolekuminister Kristi Noem teatas, et Trumpi k\u00e4su t\u00f5ttu annab ta kodakondsus- ja immigratsiooniteenistusele korralduse programm peatada.<\/p>\n<p>Reede varahommikul selgus, et Browni \u00fclikooli tulistamises kahtlustatav on 48-aastane Portugali kodanik Claudio Neves Valente.<\/p>\n<p>&#8220;Seda j\u00f5hkrat isikut poleks kunagi tohtinud lubada meie riiki,&#8221; teatas Noem.\u00a0<\/p>\n<p>Rohelise kaardi loterii on USA valitsuse programm, mille kaudu v\u00e4lismaalased saavad alalise elamisloa \u00dchendriikides elamiseks ja t\u00f6\u00f6tamiseks. 1990. aastal alustatud programm annab igal aastal USA alalise elamisloa 50 000 soovijale \u00fcle maailma.<\/p>\n","protected":false},"excerpt":{"rendered":"USA president Donald Trump k\u00e4skis peatada populaarse rohelise kaardi loterii, kuna sellega p\u00e4\u00e4ses Ameerika \u00dchendriikidesse Browni \u00fclikooli tulistamises&hellip;\n","protected":false},"author":2,"featured_media":68101,"comment_status":"","ping_status":"","sticky":false,"template":"","format":"standard","meta":{"footnotes":"","_share_on_mastodon":"0"},"categories":[5],"tags":[26,27,32485,324,37,33,35,34,36,31,32,21,5093,28,29,19,25,23,24,22,325,20,30],"class_list":["post-68100","post","type-post","status-publish","format-standard","has-post-thumbnail","category-uldised-uudised","tag-breaking-news","tag-breakingnews","tag-browni-ulikool","tag-donald-trump","tag-ee","tag-eesti","tag-eesti-keel","tag-estonia","tag-estonian","tag-featured-news","tag-featurednews","tag-headlines","tag-kristi-noem","tag-latest-news","tag-latestnews","tag-news","tag-populaarseimad-lood","tag-top-stories","tag-topstories","tag-uldised-uudised","tag-usa","tag-uudised","tag-viimased-uudised"],"share_on_mastodon":{"url":"https:\/\/pubeurope.com\/@ee\/115744993639721217","error":""},"_links":{"self":[{"href":"https:\/\/www.europesays.com\/ee\/wp-json\/wp\/v2\/posts\/68100","targetHints":{"allow":["GET"]}}],"collection":[{"href":"https:\/\/www.europesays.com\/ee\/wp-json\/wp\/v2\/posts"}],"about":[{"href":"https:\/\/www.europesays.com\/ee\/wp-json\/wp\/v2\/types\/post"}],"author":[{"embeddable":true,"href":"https:\/\/www.europesays.com\/ee\/wp-json\/wp\/v2\/users\/2"}],"replies":[{"embeddable":true,"href":"https:\/\/www.europesays.com\/ee\/wp-json\/wp\/v2\/comments?post=68100"}],"version-history":[{"count":0,"href":"https:\/\/www.europesays.com\/ee\/wp-json\/wp\/v2\/posts\/68100\/revisions"}],"wp:featuredmedia":[{"embeddable":true,"href":"https:\/\/www.europesays.com\/ee\/wp-json\/wp\/v2\/media\/68101"}],"wp:attachment":[{"href":"https:\/\/www.europesays.com\/ee\/wp-json\/wp\/v2\/media?parent=68100"}],"wp:term":[{"taxonomy":"category","embeddable":true,"href":"https:\/\/www.europesays.com\/ee\/wp-json\/wp\/v2\/categories?post=68100"},{"taxonomy":"post_tag","embeddable":true,"href":"https:\/\/www.europesays.com\/ee\/wp-json\/wp\/v2\/tags?post=68100"}],"curies":[{"name":"wp","href":"https:\/\/api.w.org\/{rel}","templated":true}]}}