{"id":68350,"date":"2025-12-19T12:31:12","date_gmt":"2025-12-19T12:31:12","guid":{"rendered":"https:\/\/www.europesays.com\/ee\/68350\/"},"modified":"2025-12-19T12:31:12","modified_gmt":"2025-12-19T12:31:12","slug":"bolt-ja-stellantis-asuvad-uhiselt-arendama-isejuhtivaid-autosid","status":"publish","type":"post","link":"https:\/\/www.europesays.com\/ee\/68350\/","title":{"rendered":"Bolt ja Stellantis asuvad \u00fchiselt arendama isejuhtivaid autosid"},"content":{"rendered":"<p>Varem on Bolt <a target=\"_blank\" rel=\"noopener noreferrer nofollow\" href=\"https:\/\/majandus.postimees.ee\/8367787\/bolt-toob-koos-hiinlastega-isejuhtivad-autod-euroopasse\">teada andnud<\/a> koost\u00f6\u00f6s Hiina tehisarufirmaga Pony.ai, et arendada isejuhtimise tarkvara autodele.<\/p>\n<p>Koost\u00f6\u00f6 tuumaks on s\u00fcmbioos kahe ettev\u00f5tte tugevustest. Stellantis toob lauale oma tehnoloogilise platvormi nimega AV-Ready Platforms. Tegemist spetsiaalselt kohandatud s\u00f5idukiplatvormidega \u2013 t\u00e4psemalt eK0 keskmise suurusega kaubiku ja STLA Small platvormiga, mis loodud toimima kui ratastel superarvutid.<\/p>\n","protected":false},"excerpt":{"rendered":"Varem on Bolt teada andnud koost\u00f6\u00f6s Hiina tehisarufirmaga Pony.ai, et arendada isejuhtimise tarkvara autodele. Koost\u00f6\u00f6 tuumaks on s\u00fcmbioos&hellip;\n","protected":false},"author":2,"featured_media":68351,"comment_status":"","ping_status":"","sticky":false,"template":"","format":"standard","meta":{"footnotes":"","_share_on_mastodon":"0"},"categories":[14],"tags":[33165,131,34777,1261,130,37,33,35,34779,34,36,112,6076,34776,2133,34778],"class_list":["post-68350","post","type-post","status-publish","format-standard","has-post-thumbnail","category-ari","tag-antonio-filosa","tag-ari","tag-av-ready-platforms","tag-bolt","tag-business","tag-ee","tag-eesti","tag-eesti-keel","tag-ek0","tag-estonia","tag-estonian","tag-euroopa","tag-markus-villig","tag-pony-ai","tag-stellantis","tag-stla-small"],"share_on_mastodon":{"url":"https:\/\/pubeurope.com\/@ee\/115746248126832860","error":""},"_links":{"self":[{"href":"https:\/\/www.europesays.com\/ee\/wp-json\/wp\/v2\/posts\/68350","targetHints":{"allow":["GET"]}}],"collection":[{"href":"https:\/\/www.europesays.com\/ee\/wp-json\/wp\/v2\/posts"}],"about":[{"href":"https:\/\/www.europesays.com\/ee\/wp-json\/wp\/v2\/types\/post"}],"author":[{"embeddable":true,"href":"https:\/\/www.europesays.com\/ee\/wp-json\/wp\/v2\/users\/2"}],"replies":[{"embeddable":true,"href":"https:\/\/www.europesays.com\/ee\/wp-json\/wp\/v2\/comments?post=68350"}],"version-history":[{"count":0,"href":"https:\/\/www.europesays.com\/ee\/wp-json\/wp\/v2\/posts\/68350\/revisions"}],"wp:featuredmedia":[{"embeddable":true,"href":"https:\/\/www.europesays.com\/ee\/wp-json\/wp\/v2\/media\/68351"}],"wp:attachment":[{"href":"https:\/\/www.europesays.com\/ee\/wp-json\/wp\/v2\/media?parent=68350"}],"wp:term":[{"taxonomy":"category","embeddable":true,"href":"https:\/\/www.europesays.com\/ee\/wp-json\/wp\/v2\/categories?post=68350"},{"taxonomy":"post_tag","embeddable":true,"href":"https:\/\/www.europesays.com\/ee\/wp-json\/wp\/v2\/tags?post=68350"}],"curies":[{"name":"wp","href":"https:\/\/api.w.org\/{rel}","templated":true}]}}