{"id":68527,"date":"2025-12-19T16:38:26","date_gmt":"2025-12-19T16:38:26","guid":{"rendered":"https:\/\/www.europesays.com\/ee\/68527\/"},"modified":"2025-12-19T16:38:26","modified_gmt":"2025-12-19T16:38:26","slug":"pilk-peale-%e2%9f%a9-selgusid-13-tooandjat-kes-hoolivad-tootajate-tervisest-enim-postimees","status":"publish","type":"post","link":"https:\/\/www.europesays.com\/ee\/68527\/","title":{"rendered":"PILK PEALE \u27e9 Selgusid 13 t\u00f6\u00f6andjat, kes hoolivad t\u00f6\u00f6tajate tervisest enim &#8211; Postimees"},"content":{"rendered":"<ol>\n<li><a href=\"https:\/\/news.google.com\/rss\/articles\/CBMiqgFBVV95cUxQaVZEaHduSmYtaXhvQjM2aFBRbmRkaENKckM0OXZQRjQwN2k4SnFNczVuS3h5a1BMYmJfeTBHNVVMNmdKZk1EVm5YZmVEWnFwSVloZzFiMnRBU2hnVVJqVlNFMjI2Y1hyMW1Eb0s0dFNMcDVLM1BlME45X2FtTG1wc3ZibzdCTFU3ZXZickRXQzB1bmFyRjE5MGRrNmMwRVl0OU5fb3NBMG9HUQ?oc=5\" target=\"_blank\" rel=\"nofollow noopener\">PILK PEALE \u27e9 Selgusid 13 t\u00f6\u00f6andjat, kes hoolivad t\u00f6\u00f6tajate tervisest enim<\/a>&nbsp;&nbsp;Postimees<\/li>\n<li><a href=\"https:\/\/news.google.com\/rss\/articles\/CBMizAFBVV95cUxPSlhSZVJrN1BMbTl3WF9tZExKYjVLWEhOeW5FOTRDVDh2Z2Iwek1FdGZiQmtnellfM1B6c3dPb3hSYlN6RGU0aG4ySDJSaU9Ecms5cTNDaDd0RERGOGY1d1JIYVdvU2txeXBvNzZMaWFKSTZSamxXbHBYTDJCQ2g3c1FaMFowQ0pWd2h2MnExTy1kLVRwaU9DbGRuRldHWHU1Q29WQ0Z5SThRTVQtSlgtemdzU21oMm1sUGphSWR6Wmh1QkRJWTNtSk9JSFI?oc=5\" target=\"_blank\" rel=\"nofollow noopener\">Kliinikumi kirurgid paigaldasid Eestis esimest korda patsiendile 3D-prinditud l\u00f5ualuu implantaadi<\/a>&nbsp;&nbsp;Tartu Postimees<\/li>\n<li><a href=\"https:\/\/news.google.com\/rss\/articles\/CBMitAFBVV95cUxOQ3hFVkJ3dXFab3NRMDFtNXRBZ2hjanRPMXpaNC1Uanp1MThTSlNrMWlLZnZtX2pmdVFSNEEycDRPcEdBeWRLT1ZuTVlfX3NWRjB2eTJ1bkFHZUpMc2l6NjNwdGJ3SmJjYlRRZUdIUjdna2p1R0VnMXJURHEzNHEzSFAzREdicTYtZkJzZEUwRU1hWURsTTZaUFBQMURxdGU0Nkk5UE1oTmZSTE92RW9tZzVtVzE?oc=5\" target=\"_blank\" rel=\"nofollow noopener\">Kliinikumis paigaldati Eestis esmakordselt 3D-prinditud \u00fclal\u00f5ualuu implantaat<\/a>&nbsp;&nbsp;Meditsiiniuudised<\/li>\n<li><a href=\"https:\/\/news.google.com\/rss\/articles\/CBMivwFBVV95cUxOcFI4Zm0ydzItVHU1dW53d1h0cDJrcm5Md1VUcGQ5S3B3WGItSzYtZlFuNU1qZXo1UWVweGxldXBiT0pFdmZqczV2Z1lvZHhBUE52T0hHaXpqYW5wQUhRTVdJY2tqNjBUVWIxNm9UdGFTelVlZGp2T04yM2EtUVdiWmpDY1dRcWhwYTMtSjR5a25HckJuWXVKUFBTNmsxUU1wNDlUaHJ3LWEwWV84Q0JjaWZMZUx2UU1LT2VNSk4zdw?oc=5\" target=\"_blank\" rel=\"nofollow noopener\">Esimene patsient Eestis sai 3D-prinditud \u00fclal\u00f5ualuu implantaadi<\/a>&nbsp;&nbsp;V\u00f5rumaa Teataja<\/li>\n<\/ol>\n","protected":false},"excerpt":{"rendered":"PILK PEALE \u27e9 Selgusid 13 t\u00f6\u00f6andjat, kes hoolivad t\u00f6\u00f6tajate tervisest enim&nbsp;&nbsp;Postimees Kliinikumi kirurgid paigaldasid Eestis esimest korda patsiendile&hellip;\n","protected":false},"author":2,"featured_media":68528,"comment_status":"","ping_status":"","sticky":false,"template":"","format":"standard","meta":{"footnotes":"","_share_on_mastodon":"0"},"categories":[12],"tags":[26,27,37,33,35,34867,34,36,31,32,21,34869,34868,28,29,19,25,4540,34872,34866,563,34871,34870,2655,23,24,22,20,4213,30],"class_list":["post-68527","post","type-post","status-publish","format-standard","has-post-thumbnail","category-eesti","tag-breaking-news","tag-breakingnews","tag-ee","tag-eesti","tag-eesti-keel","tag-ergonoomia","tag-estonia","tag-estonian","tag-featured-news","tag-featurednews","tag-headlines","tag-kadri-kivimets-lohu","tag-kehaline-aktiivsus","tag-latest-news","tag-latestnews","tag-news","tag-populaarseimad-lood","tag-puhkeaeg","tag-tasakaalustatud-toitumine","tag-tegevuskava","tag-tervise-arengu-instituut","tag-tervist-edendav-tookoht","tag-tet","tag-tooinspektsioon","tag-top-stories","tag-topstories","tag-uldised-uudised","tag-uudised","tag-vaimne-tervis","tag-viimased-uudised"],"share_on_mastodon":{"url":"","error":"Validation failed: Text character limit of 500 exceeded"},"_links":{"self":[{"href":"https:\/\/www.europesays.com\/ee\/wp-json\/wp\/v2\/posts\/68527","targetHints":{"allow":["GET"]}}],"collection":[{"href":"https:\/\/www.europesays.com\/ee\/wp-json\/wp\/v2\/posts"}],"about":[{"href":"https:\/\/www.europesays.com\/ee\/wp-json\/wp\/v2\/types\/post"}],"author":[{"embeddable":true,"href":"https:\/\/www.europesays.com\/ee\/wp-json\/wp\/v2\/users\/2"}],"replies":[{"embeddable":true,"href":"https:\/\/www.europesays.com\/ee\/wp-json\/wp\/v2\/comments?post=68527"}],"version-history":[{"count":0,"href":"https:\/\/www.europesays.com\/ee\/wp-json\/wp\/v2\/posts\/68527\/revisions"}],"wp:featuredmedia":[{"embeddable":true,"href":"https:\/\/www.europesays.com\/ee\/wp-json\/wp\/v2\/media\/68528"}],"wp:attachment":[{"href":"https:\/\/www.europesays.com\/ee\/wp-json\/wp\/v2\/media?parent=68527"}],"wp:term":[{"taxonomy":"category","embeddable":true,"href":"https:\/\/www.europesays.com\/ee\/wp-json\/wp\/v2\/categories?post=68527"},{"taxonomy":"post_tag","embeddable":true,"href":"https:\/\/www.europesays.com\/ee\/wp-json\/wp\/v2\/tags?post=68527"}],"curies":[{"name":"wp","href":"https:\/\/api.w.org\/{rel}","templated":true}]}}