{"id":68584,"date":"2025-12-19T17:56:08","date_gmt":"2025-12-19T17:56:08","guid":{"rendered":"https:\/\/www.europesays.com\/ee\/68584\/"},"modified":"2025-12-19T17:56:08","modified_gmt":"2025-12-19T17:56:08","slug":"usa-eliitulikooli-tulistamiskahtlusalune-leiti-surnuna","status":"publish","type":"post","link":"https:\/\/www.europesays.com\/ee\/68584\/","title":{"rendered":"USA eliit\u00fclikooli tulistamiskahtlusalune leiti surnuna"},"content":{"rendered":"<p>M\u00f6\u00f6dunud laup\u00e4eval toimus Browni \u00fclikooli insenerihoones tulistamine, milles hukkus kaks ja sai haavata \u00fcheksa inimest.<\/p>\n<p><a rel=\"noopener nofollow\" target=\"_blank\" href=\"https:\/\/www.delfi.ee\/teema\/22971743\/usa\" tag-id=\"22971743\">USA<\/a> v\u00f5imud on identifitseerinud kahtlusaluse kui 48-aastase Portugali kodaniku Claudio Neves Valente. P\u00e4rast kuus p\u00e4eva kestnud inimjahti leidsid v\u00f5imud Valente surnukeha New Hampshire\u2019i osariigis Salemis asuvast laohoonest.<\/p>\n<p>Esialgsetel andmetel suri ta enesetekitatud laskehaava tagaj\u00e4rjel. Surnukeha juurest leiti koolikott ja kaks tulirelva. Hoonele l\u00e4hedal asunud autost leiti t\u00f5endid, mis \u00fchtisid Browni \u00fclikooli s\u00fcndmuskohal n\u00e4htuga.<\/p>\n<p>Rhode Islandi peaprokur\u00f6r Peter Neronha \u00fctles, et motiivi osas on endiselt palju teadmatust. \u201eMe ei tea praegu, miks just Brown, miks just need tudengid ja miks just see klass,\u201c \u00fctles ta.<\/p>\n<p>Browni \u00fclikooli rektor Christina Paxson \u00fctles, et Valente \u00f5ppis seal 2000. aasta s\u00fcgisest j\u00e4rgmise aasta kevadeni f\u00fc\u00fcsika doktorantuuris. Naise s\u00f5nul puudusid tal aktiivsed sidemed \u00fclikooliga.<\/p>\n<p>Ametnikud usuvad ka, et Valente tappis kaks p\u00e4eva p\u00e4rast Browni \u00fclikoolis toimunud tulistamist <a rel=\"noopener nofollow\" target=\"_blank\" href=\"https:\/\/www.delfi.ee\/teema\/66859349\/massachusettsi-tehnikainstituut-mit\" tag-id=\"66859349\">Massachusettsi tehnikainstituut (MIT)<\/a> professori Nuno F Gomes Loureiro tema kodus Brookline\u2019is, mis asub Providence\u2019ist umbes 80 kilomeetri kaugusel. Politsei teatel \u00f5ppisid nii ohver kui ka kahtlusalune 1990. aastate l\u00f5pus samas Portugali \u00fclikoolis.<\/p>\n<p>Juhtumid seoti omavahel p\u00e4rast seda, kui kahtlusaluse s\u00f5iduk tuvastati turvakaamerate salvestiste ja Browni \u00fclikooli tunnistaja abil.<\/p>\n<p>Kuidas see lugu Sind end tundma pani? Saada <a href=\"https:\/\/www.delfi.ee\/artikkel\/120424913\/usa-eliitulikooli-tulistamiskahtlusalune-leiti-surnuna\/kommentaarid\" class=\"article-body-bottom__comment article-body-bottom__comment--write button button--primary button--size-auto\" rel=\"nofollow noopener\" target=\"_blank\"> Kommenteeri <\/a><a href=\"https:\/\/www.delfi.ee\/artikkel\/120424913\/usa-eliitulikooli-tulistamiskahtlusalune-leiti-surnuna\/kommentaarid\" class=\"article-body-bottom__comment article-body-bottom__comment--read button button--size-auto\" rel=\"nofollow noopener\" target=\"_blank\"> Loe kommentaare (1)<\/a><\/p>\n","protected":false},"excerpt":{"rendered":"M\u00f6\u00f6dunud laup\u00e4eval toimus Browni \u00fclikooli insenerihoones tulistamine, milles hukkus kaks ja sai haavata \u00fcheksa inimest. USA v\u00f5imud on&hellip;\n","protected":false},"author":2,"featured_media":68585,"comment_status":"","ping_status":"","sticky":false,"template":"","format":"standard","meta":{"footnotes":"","_share_on_mastodon":"0"},"categories":[80],"tags":[26,27,32485,37,33,35,34,36,31,32,21,32482,28,29,95,34889,19,25,32524,23,24,22,325,20,30,92,93,94],"class_list":["post-68584","post","type-post","status-publish","format-standard","has-post-thumbnail","category-maailm","tag-breaking-news","tag-breakingnews","tag-browni-ulikool","tag-ee","tag-eesti","tag-eesti-keel","tag-estonia","tag-estonian","tag-featured-news","tag-featurednews","tag-headlines","tag-koolitulistamine","tag-latest-news","tag-latestnews","tag-maailm","tag-massachusettsi-tehnikainstituut-mit","tag-news","tag-populaarseimad-lood","tag-rhode-island","tag-top-stories","tag-topstories","tag-uldised-uudised","tag-usa","tag-uudised","tag-viimased-uudised","tag-world","tag-world-news","tag-worldnews"],"share_on_mastodon":{"url":"https:\/\/pubeurope.com\/@ee\/115747526026161895","error":""},"_links":{"self":[{"href":"https:\/\/www.europesays.com\/ee\/wp-json\/wp\/v2\/posts\/68584","targetHints":{"allow":["GET"]}}],"collection":[{"href":"https:\/\/www.europesays.com\/ee\/wp-json\/wp\/v2\/posts"}],"about":[{"href":"https:\/\/www.europesays.com\/ee\/wp-json\/wp\/v2\/types\/post"}],"author":[{"embeddable":true,"href":"https:\/\/www.europesays.com\/ee\/wp-json\/wp\/v2\/users\/2"}],"replies":[{"embeddable":true,"href":"https:\/\/www.europesays.com\/ee\/wp-json\/wp\/v2\/comments?post=68584"}],"version-history":[{"count":0,"href":"https:\/\/www.europesays.com\/ee\/wp-json\/wp\/v2\/posts\/68584\/revisions"}],"wp:featuredmedia":[{"embeddable":true,"href":"https:\/\/www.europesays.com\/ee\/wp-json\/wp\/v2\/media\/68585"}],"wp:attachment":[{"href":"https:\/\/www.europesays.com\/ee\/wp-json\/wp\/v2\/media?parent=68584"}],"wp:term":[{"taxonomy":"category","embeddable":true,"href":"https:\/\/www.europesays.com\/ee\/wp-json\/wp\/v2\/categories?post=68584"},{"taxonomy":"post_tag","embeddable":true,"href":"https:\/\/www.europesays.com\/ee\/wp-json\/wp\/v2\/tags?post=68584"}],"curies":[{"name":"wp","href":"https:\/\/api.w.org\/{rel}","templated":true}]}}