{"id":68717,"date":"2025-12-19T22:40:42","date_gmt":"2025-12-19T22:40:42","guid":{"rendered":"https:\/\/www.europesays.com\/ee\/68717\/"},"modified":"2025-12-19T22:40:42","modified_gmt":"2025-12-19T22:40:42","slug":"otselendudest-said-umberistumised-klient-olen-olnud-lojaalne-airbalticu-klient-aga-see-on-petmine","status":"publish","type":"post","link":"https:\/\/www.europesays.com\/ee\/68717\/","title":{"rendered":"Otselendudest said \u00fcmberistumised. Klient: olen olnud lojaalne airBalticu klient, aga see on petmine"},"content":{"rendered":"<p>\u201eViimane piisk karikasse oli n\u00fc\u00fcd saabunud j\u00e4rjekordne neljas muudatus \u00fche lennuga seoses, kus toredast n\u00e4dalal\u00f5pureisist saab 4 tundi passimist <a rel=\"noopener nofollow\" target=\"_blank\" href=\"https:\/\/www.delfi.ee\/teema\/64317359\/riia-lennujaam\" tag-id=\"64317359\">Riia lennujaamas<\/a>,\u201c kirjeldas Delfi \u00c4rilehele Katariina, kellel j\u00e4rjestikku \u00fcmbersuunamistest k\u00f5rini sai. <\/p>\n<p>Katariina lugu l\u00e4heb tagasi suvesse, kui ta 30. augustil ostis j\u00e4rgmiseks kevadeks airBalticu kodulehelt otselennu suunal Tallinn-Oslo-Tallinn. Juba 3. septembril t\u00fchistati tema lennud m\u00f5lemal suunal. Selle asemel pakuti uut varianti. \u201eLeppisin olukorraga ja n\u00f5ustusin vahemaandumisega Riias, sest L\u00e4tis ootamise ajad ei olnud liialt ebam\u00f5istlikud,\u201c m\u00e4rkis ta.<\/p>\n<p>Oled juba tellija?Logi sisse<\/p>\n<p><a href=\"https:\/\/reisijuht.delfi.ee\/artikkel\/120424749\/otselendudest-said-umberistumised-klient-olen-olnud-lojaalne-airbalticu-klient-aga-see-on-petmine\/kommentaarid\" class=\"article-body-bottom__comment article-body-bottom__comment--write button button--primary button--size-auto\" rel=\"nofollow noopener\" target=\"_blank\"> Kommenteeri <\/a><a href=\"https:\/\/reisijuht.delfi.ee\/artikkel\/120424749\/otselendudest-said-umberistumised-klient-olen-olnud-lojaalne-airbalticu-klient-aga-see-on-petmine\/kommentaarid\" class=\"article-body-bottom__comment article-body-bottom__comment--read button button--size-auto\" rel=\"nofollow noopener\" target=\"_blank\"> Loe kommentaare (81)<\/a><\/p>\n","protected":false},"excerpt":{"rendered":"\u201eViimane piisk karikasse oli n\u00fc\u00fcd saabunud j\u00e4rjekordne neljas muudatus \u00fche lennuga seoses, kus toredast n\u00e4dalal\u00f5pureisist saab 4 tundi&hellip;\n","protected":false},"author":2,"featured_media":68718,"comment_status":"","ping_status":"","sticky":false,"template":"","format":"standard","meta":{"footnotes":"","_share_on_mastodon":"0"},"categories":[12],"tags":[1765,26,27,37,33,35,34,36,31,32,21,28,29,1768,19,25,1250,951,1770,1766,23,24,22,20,30],"class_list":["post-68717","post","type-post","status-publish","format-standard","has-post-thumbnail","category-eesti","tag-airbaltic","tag-breaking-news","tag-breakingnews","tag-ee","tag-eesti","tag-eesti-keel","tag-estonia","tag-estonian","tag-featured-news","tag-featurednews","tag-headlines","tag-latest-news","tag-latestnews","tag-lennureis","tag-news","tag-populaarseimad-lood","tag-reisimine","tag-riia","tag-riia-lennujaam","tag-tallinna-lennujaam","tag-top-stories","tag-topstories","tag-uldised-uudised","tag-uudised","tag-viimased-uudised"],"share_on_mastodon":{"url":"https:\/\/pubeurope.com\/@ee\/115748642736418535","error":""},"_links":{"self":[{"href":"https:\/\/www.europesays.com\/ee\/wp-json\/wp\/v2\/posts\/68717","targetHints":{"allow":["GET"]}}],"collection":[{"href":"https:\/\/www.europesays.com\/ee\/wp-json\/wp\/v2\/posts"}],"about":[{"href":"https:\/\/www.europesays.com\/ee\/wp-json\/wp\/v2\/types\/post"}],"author":[{"embeddable":true,"href":"https:\/\/www.europesays.com\/ee\/wp-json\/wp\/v2\/users\/2"}],"replies":[{"embeddable":true,"href":"https:\/\/www.europesays.com\/ee\/wp-json\/wp\/v2\/comments?post=68717"}],"version-history":[{"count":0,"href":"https:\/\/www.europesays.com\/ee\/wp-json\/wp\/v2\/posts\/68717\/revisions"}],"wp:featuredmedia":[{"embeddable":true,"href":"https:\/\/www.europesays.com\/ee\/wp-json\/wp\/v2\/media\/68718"}],"wp:attachment":[{"href":"https:\/\/www.europesays.com\/ee\/wp-json\/wp\/v2\/media?parent=68717"}],"wp:term":[{"taxonomy":"category","embeddable":true,"href":"https:\/\/www.europesays.com\/ee\/wp-json\/wp\/v2\/categories?post=68717"},{"taxonomy":"post_tag","embeddable":true,"href":"https:\/\/www.europesays.com\/ee\/wp-json\/wp\/v2\/tags?post=68717"}],"curies":[{"name":"wp","href":"https:\/\/api.w.org\/{rel}","templated":true}]}}